{"id":15543,"date":"2026-09-01T21:39:05","date_gmt":"2026-09-02T01:39:05","guid":{"rendered":"https:\/\/www.elregional.cl\/?p=15543"},"modified":"2026-09-01T21:39:06","modified_gmt":"2026-09-02T01:39:06","slug":"pichidangui-recupera-su-borde-costero-tras-los-efectos-del-sistema-frontal","status":"publish","type":"post","link":"https:\/\/www.elregional.cl\/?p=15543","title":{"rendered":"Pichidangui recupera su borde costero tras los efectos del sistema frontal"},"content":{"rendered":"<p>&nbsp;<\/p>\n<p>La Municipalidad de Los Vilos inform\u00f3 la culminaci\u00f3n de los trabajos de limpieza y recuperaci\u00f3n del borde costero de Pichidangui, luego de los efectos provocados por el reciente sistema frontal que afect\u00f3 a la zona.<\/p>\n<p>El evento meteorol\u00f3gico provoc\u00f3 el arrastre y acumulaci\u00f3n de basura, residuos y material org\u00e1nico en distintos puntos del borde costero, alterando las condiciones habituales de este sector tur\u00edstico de la comuna.<\/p>\n<p>Ante esta situaci\u00f3n, equipos de la Direcci\u00f3n de Medio Ambiente, Aseo y Ornato desplegaron un operativo destinado principalmente al retiro de los residuos y material org\u00e1nico acumulado producto de las lluvias.<\/p>\n<p>Las labores se desarrollaron durante distintas jornadas y permitieron avanzar progresivamente en la recuperaci\u00f3n del sector hasta completar la limpieza de todo el borde costero. En algunas de estas tareas tambi\u00e9n colaboraron particulares y comerciantes de Pichidangui.<\/p>\n<p>El alcalde de Los Vilos, Christian Gross, destac\u00f3 el trabajo realizado por los funcionarios municipales y se\u00f1al\u00f3 que las labores permitieron devolver a la comunidad y a los visitantes un espacio limpio, ordenado y en mejores condiciones para su utilizaci\u00f3n.<\/p>\n<p>Desde el municipio indicaron que la recuperaci\u00f3n del borde costero constituye adem\u00e1s una medida de protecci\u00f3n y cuidado del entorno, considerando la importancia tur\u00edstica, ambiental y comunitaria que tiene Pichidangui para la comuna.<\/p>\n<p>La Municipalidad de Los Vilos reafirm\u00f3 as\u00ed su compromiso con el cuidado del medio ambiente y con la recuperaci\u00f3n y puesta en valor de los espacios p\u00fablicos de la comuna.<\/p>\n","protected":false},"excerpt":{"rendered":"<p>&nbsp; La Municipalidad de Los Vilos inform\u00f3 la culminaci\u00f3n de los trabajos de limpieza y recuperaci\u00f3n del borde costero de Pichidangui, luego de los efectos provocados por el reciente sistema frontal que afect\u00f3 a la zona. El evento meteorol\u00f3gico provoc\u00f3 el arrastre y acumulaci\u00f3n de basura, residuos y material org\u00e1nico en distintos puntos del borde &hellip;<\/p>\n","protected":false},"author":3,"featured_media":15545,"comment_status":"open","ping_status":"closed","sticky":false,"template":"","format":"standard","meta":{"footnotes":""},"categories":[2],"tags":[],"class_list":["post-15543","post","type-post","status-publish","format-standard","has-post-thumbnail","hentry","category-regionales"],"_links":{"self":[{"href":"https:\/\/www.elregional.cl\/index.php?rest_route=\/wp\/v2\/posts\/15543","targetHints":{"allow":["GET"]}}],"collection":[{"href":"https:\/\/www.elregional.cl\/index.php?rest_route=\/wp\/v2\/posts"}],"about":[{"href":"https:\/\/www.elregional.cl\/index.php?rest_route=\/wp\/v2\/types\/post"}],"author":[{"embeddable":true,"href":"https:\/\/www.elregional.cl\/index.php?rest_route=\/wp\/v2\/users\/3"}],"replies":[{"embeddable":true,"href":"https:\/\/www.elregional.cl\/index.php?rest_route=%2Fwp%2Fv2%2Fcomments&post=15543"}],"version-history":[{"count":1,"href":"https:\/\/www.elregional.cl\/index.php?rest_route=\/wp\/v2\/posts\/15543\/revisions"}],"predecessor-version":[{"id":15544,"href":"https:\/\/www.elregional.cl\/index.php?rest_route=\/wp\/v2\/posts\/15543\/revisions\/15544"}],"wp:featuredmedia":[{"embeddable":true,"href":"https:\/\/www.elregional.cl\/index.php?rest_route=\/wp\/v2\/media\/15545"}],"wp:attachment":[{"href":"https:\/\/www.elregional.cl\/index.php?rest_route=%2Fwp%2Fv2%2Fmedia&parent=15543"}],"wp:term":[{"taxonomy":"category","embeddable":true,"href":"https:\/\/www.elregional.cl\/index.php?rest_route=%2Fwp%2Fv2%2Fcategories&post=15543"},{"taxonomy":"post_tag","embeddable":true,"href":"https:\/\/www.elregional.cl\/index.php?rest_route=%2Fwp%2Fv2%2Ftags&post=15543"}],"curies":[{"name":"wp","href":"https:\/\/api.w.org\/{rel}","templated":true}]}}