{"id":15549,"date":"2026-09-01T22:06:50","date_gmt":"2026-09-02T02:06:50","guid":{"rendered":"https:\/\/www.elregional.cl\/?p=15549"},"modified":"2026-09-01T22:06:51","modified_gmt":"2026-09-02T02:06:51","slug":"la-fecha-22-de-la-liga-de-primera-ya-tiene-programacion","status":"publish","type":"post","link":"https:\/\/www.elregional.cl\/?p=15549","title":{"rendered":"La fecha 22 de la Liga de Primera ya tiene programaci\u00f3n"},"content":{"rendered":"<h3 data-pm-slice=\"1 1 []\"><\/h3>\n<p>La Liga de Primera 2026 continuar\u00e1 este fin de semana con el desarrollo de la fecha 22, que se disputar\u00e1 entre el viernes 4 y el lunes 7 de septiembre.<\/p>\n<p>La jornada tendr\u00e1 varios encuentros destacados. Universidad Cat\u00f3lica visitar\u00e1 a Everton el s\u00e1bado a las 17:30 horas en el Estadio Sausalito, mientras que Universidad de Chile recibir\u00e1 a Coquimbo Unido a las 20:00 horas en el Estadio Nacional.<\/p>\n<p>El l\u00edder Colo Colo, en tanto, jugar\u00e1 el domingo frente a Huachipato, a las 17:00 horas, en el Estadio Ester Roa de Concepci\u00f3n.<\/p>\n<p>La programaci\u00f3n completa es la siguiente:<\/p>\n<p><strong>Viernes 4 de septiembre<\/strong><\/p>\n<ul>\n<li>Deportes Concepci\u00f3n vs. Audax Italiano, 20:30 horas, Estadio Ester Roa.<\/li>\n<\/ul>\n<p><strong>S\u00e1bado 5 de septiembre<\/strong><\/p>\n<ul>\n<li>Everton vs. Universidad Cat\u00f3lica, 17:30 horas, Estadio Sausalito.<\/li>\n<li>Universidad de Chile vs. Coquimbo Unido, 20:00 horas, Estadio Nacional.<\/li>\n<\/ul>\n<p><strong>Domingo 6 de septiembre<\/strong><\/p>\n<ul>\n<li>Deportes La Serena vs. \u00d1ublense, 12:30 horas, Estadio La Portada.<\/li>\n<li>O&#8217;Higgins vs. Uni\u00f3n La Calera, 14:45 horas, Estadio El Teniente.<\/li>\n<li>Huachipato vs. Colo Colo, 17:00 horas, Estadio Ester Roa.<\/li>\n<li>Palestino vs. Universidad de Concepci\u00f3n, 19:30 horas, Estadio Municipal de La Cisterna.<\/li>\n<\/ul>\n<p><strong>Lunes 7 de septiembre<\/strong><\/p>\n<ul>\n<li>Deportes Limache vs. Cobresal, 20:00 horas, Estadio Lucio Fari\u00f1a.<\/li>\n<\/ul>\n<p>&nbsp;<\/p>\n","protected":false},"excerpt":{"rendered":"<p>La Liga de Primera 2026 continuar\u00e1 este fin de semana con el desarrollo de la fecha 22, que se disputar\u00e1 entre el viernes 4 y el lunes 7 de septiembre. La jornada tendr\u00e1 varios encuentros destacados. Universidad Cat\u00f3lica visitar\u00e1 a Everton el s\u00e1bado a las 17:30 horas en el Estadio Sausalito, mientras que Universidad de &hellip;<\/p>\n","protected":false},"author":3,"featured_media":15551,"comment_status":"open","ping_status":"closed","sticky":false,"template":"","format":"standard","meta":{"footnotes":""},"categories":[5],"tags":[],"class_list":["post-15549","post","type-post","status-publish","format-standard","has-post-thumbnail","hentry","category-deportes"],"_links":{"self":[{"href":"https:\/\/www.elregional.cl\/index.php?rest_route=\/wp\/v2\/posts\/15549","targetHints":{"allow":["GET"]}}],"collection":[{"href":"https:\/\/www.elregional.cl\/index.php?rest_route=\/wp\/v2\/posts"}],"about":[{"href":"https:\/\/www.elregional.cl\/index.php?rest_route=\/wp\/v2\/types\/post"}],"author":[{"embeddable":true,"href":"https:\/\/www.elregional.cl\/index.php?rest_route=\/wp\/v2\/users\/3"}],"replies":[{"embeddable":true,"href":"https:\/\/www.elregional.cl\/index.php?rest_route=%2Fwp%2Fv2%2Fcomments&post=15549"}],"version-history":[{"count":1,"href":"https:\/\/www.elregional.cl\/index.php?rest_route=\/wp\/v2\/posts\/15549\/revisions"}],"predecessor-version":[{"id":15550,"href":"https:\/\/www.elregional.cl\/index.php?rest_route=\/wp\/v2\/posts\/15549\/revisions\/15550"}],"wp:featuredmedia":[{"embeddable":true,"href":"https:\/\/www.elregional.cl\/index.php?rest_route=\/wp\/v2\/media\/15551"}],"wp:attachment":[{"href":"https:\/\/www.elregional.cl\/index.php?rest_route=%2Fwp%2Fv2%2Fmedia&parent=15549"}],"wp:term":[{"taxonomy":"category","embeddable":true,"href":"https:\/\/www.elregional.cl\/index.php?rest_route=%2Fwp%2Fv2%2Fcategories&post=15549"},{"taxonomy":"post_tag","embeddable":true,"href":"https:\/\/www.elregional.cl\/index.php?rest_route=%2Fwp%2Fv2%2Ftags&post=15549"}],"curies":[{"name":"wp","href":"https:\/\/api.w.org\/{rel}","templated":true}]}}