{"id":15552,"date":"2026-09-01T22:13:15","date_gmt":"2026-09-02T02:13:15","guid":{"rendered":"https:\/\/www.elregional.cl\/?p=15552"},"modified":"2026-09-01T22:13:16","modified_gmt":"2026-09-02T02:13:16","slug":"chile-se-prepara-para-el-cambio-de-hora-este-sabado-comienza-el-horario-de-verano","status":"publish","type":"post","link":"https:\/\/www.elregional.cl\/?p=15552","title":{"rendered":"Chile se prepara para el cambio de hora: este s\u00e1bado comienza el horario de verano"},"content":{"rendered":"<p>&nbsp;<\/p>\n<p>Chile se encuentra en los \u00faltimos d\u00edas bajo el horario de invierno, ya que este s\u00e1bado 5 de septiembre se realizar\u00e1 el cambio de hora que dar\u00e1 inicio al horario de verano en gran parte del territorio nacional.<\/p>\n<p>La modificaci\u00f3n establece que a las <strong>23:59 horas del s\u00e1bado los relojes deber\u00e1n adelantarse 60 minutos<\/strong>, pasando directamente a las <strong>01:00 horas del domingo 6 de septiembre<\/strong>.<\/p>\n<p>En <strong>Rapa Nui e Isla Salas y G\u00f3mez<\/strong>, el cambio se efectuar\u00e1 a las 22:00 horas del s\u00e1bado, cuando los relojes deber\u00e1n avanzar hasta las 23:00 horas.<\/p>\n<p>El ajuste regir\u00e1 en gran parte del pa\u00eds, con excepci\u00f3n de las regiones de <strong>Ays\u00e9n y Magallanes<\/strong>, donde se mantendr\u00e1 de manera indefinida el horario de verano y, por lo tanto, no ser\u00e1 necesario modificar los relojes.<\/p>\n<p>El nuevo horario permanecer\u00e1 vigente hasta el <strong>s\u00e1bado 3 de abril de 2027<\/strong>, fecha en que est\u00e1 previsto el regreso al horario de invierno.<\/p>\n<p>En el caso de computadores, tel\u00e9fonos celulares y otros dispositivos conectados a Internet, el cambio generalmente se realiza de manera autom\u00e1tica. En equipos an\u00e1logos o que no cuentan con esta funci\u00f3n, ser\u00e1 necesario modificar la hora manualmente.<\/p>\n<p>Para verificar la hora oficial durante la noche del cambio, se puede consultar la informaci\u00f3n proporcionada por la Armada de Chile a trav\u00e9s del servicio Hora Oficial.<\/p>\n","protected":false},"excerpt":{"rendered":"<p>&nbsp; Chile se encuentra en los \u00faltimos d\u00edas bajo el horario de invierno, ya que este s\u00e1bado 5 de septiembre se realizar\u00e1 el cambio de hora que dar\u00e1 inicio al horario de verano en gran parte del territorio nacional. La modificaci\u00f3n establece que a las 23:59 horas del s\u00e1bado los relojes deber\u00e1n adelantarse 60 minutos, &hellip;<\/p>\n","protected":false},"author":3,"featured_media":15554,"comment_status":"open","ping_status":"closed","sticky":false,"template":"","format":"standard","meta":{"footnotes":""},"categories":[7,3],"tags":[],"class_list":["post-15552","post","type-post","status-publish","format-standard","has-post-thumbnail","hentry","category-magazine","category-pais"],"_links":{"self":[{"href":"https:\/\/www.elregional.cl\/index.php?rest_route=\/wp\/v2\/posts\/15552","targetHints":{"allow":["GET"]}}],"collection":[{"href":"https:\/\/www.elregional.cl\/index.php?rest_route=\/wp\/v2\/posts"}],"about":[{"href":"https:\/\/www.elregional.cl\/index.php?rest_route=\/wp\/v2\/types\/post"}],"author":[{"embeddable":true,"href":"https:\/\/www.elregional.cl\/index.php?rest_route=\/wp\/v2\/users\/3"}],"replies":[{"embeddable":true,"href":"https:\/\/www.elregional.cl\/index.php?rest_route=%2Fwp%2Fv2%2Fcomments&post=15552"}],"version-history":[{"count":1,"href":"https:\/\/www.elregional.cl\/index.php?rest_route=\/wp\/v2\/posts\/15552\/revisions"}],"predecessor-version":[{"id":15553,"href":"https:\/\/www.elregional.cl\/index.php?rest_route=\/wp\/v2\/posts\/15552\/revisions\/15553"}],"wp:featuredmedia":[{"embeddable":true,"href":"https:\/\/www.elregional.cl\/index.php?rest_route=\/wp\/v2\/media\/15554"}],"wp:attachment":[{"href":"https:\/\/www.elregional.cl\/index.php?rest_route=%2Fwp%2Fv2%2Fmedia&parent=15552"}],"wp:term":[{"taxonomy":"category","embeddable":true,"href":"https:\/\/www.elregional.cl\/index.php?rest_route=%2Fwp%2Fv2%2Fcategories&post=15552"},{"taxonomy":"post_tag","embeddable":true,"href":"https:\/\/www.elregional.cl\/index.php?rest_route=%2Fwp%2Fv2%2Ftags&post=15552"}],"curies":[{"name":"wp","href":"https:\/\/api.w.org\/{rel}","templated":true}]}}