{"id":15555,"date":"2026-09-02T09:02:38","date_gmt":"2026-09-02T13:02:38","guid":{"rendered":"https:\/\/www.elregional.cl\/?p=15555"},"modified":"2026-09-02T09:02:39","modified_gmt":"2026-09-02T13:02:39","slug":"armada-mantiene-busqueda-de-lancha-desaparecida-en-aguas-de-tierra-del-fuego","status":"publish","type":"post","link":"https:\/\/www.elregional.cl\/?p=15555","title":{"rendered":"Armada mantiene b\u00fasqueda de lancha desaparecida en aguas de Tierra del Fuego"},"content":{"rendered":"<h3><\/h3>\n<p>La Gobernaci\u00f3n Mar\u00edtima de Puerto Williams mantiene un operativo de b\u00fasqueda y salvamento mar\u00edtimo para localizar a la lancha <strong>\u201cTalymar\u201d<\/strong>, luego de perderse el contacto con la embarcaci\u00f3n y sus tripulantes durante la madrugada del martes.<\/p>\n<p>El gobernador mar\u00edtimo subrogante de Puerto Williams, capit\u00e1n de fragata Marcos Valderrama Ture, inform\u00f3 que el procedimiento se activ\u00f3 tras recibirse la alerta por la falta de comunicaci\u00f3n con la nave.<\/p>\n<p>Las labores se concentran en el sector suroeste de Tierra del Fuego y consideran como referencia la \u00faltima posici\u00f3n conocida de la embarcaci\u00f3n.<\/p>\n<p>De acuerdo con la Armada, el operativo comprende un amplio sector mar\u00edtimo que incluye la isla Phillips y se extiende hacia el norte hasta el canal Ballenero y hacia el sur hasta bah\u00eda Cook.<\/p>\n<p>En la b\u00fasqueda participan unidades navales, aeronaves y embarcaciones civiles, desplegadas para rastrear la extensa zona y establecer el paradero de la lancha.<\/p>\n<p>La Gobernaci\u00f3n Mar\u00edtima tambi\u00e9n se reuni\u00f3 con los familiares de los tripulantes para entregar informaci\u00f3n sobre los medios destinados al operativo y el avance de las labores.<\/p>\n<p>Hasta el momento, la Armada no ha informado resultados positivos y el operativo de b\u00fasqueda contin\u00faa en desarrollo.<\/p>\n","protected":false},"excerpt":{"rendered":"<p>La Gobernaci\u00f3n Mar\u00edtima de Puerto Williams mantiene un operativo de b\u00fasqueda y salvamento mar\u00edtimo para localizar a la lancha \u201cTalymar\u201d, luego de perderse el contacto con la embarcaci\u00f3n y sus tripulantes durante la madrugada del martes. El gobernador mar\u00edtimo subrogante de Puerto Williams, capit\u00e1n de fragata Marcos Valderrama Ture, inform\u00f3 que el procedimiento se activ\u00f3 &hellip;<\/p>\n","protected":false},"author":3,"featured_media":15557,"comment_status":"open","ping_status":"closed","sticky":false,"template":"","format":"standard","meta":{"footnotes":""},"categories":[3],"tags":[],"class_list":["post-15555","post","type-post","status-publish","format-standard","has-post-thumbnail","hentry","category-pais"],"_links":{"self":[{"href":"https:\/\/www.elregional.cl\/index.php?rest_route=\/wp\/v2\/posts\/15555","targetHints":{"allow":["GET"]}}],"collection":[{"href":"https:\/\/www.elregional.cl\/index.php?rest_route=\/wp\/v2\/posts"}],"about":[{"href":"https:\/\/www.elregional.cl\/index.php?rest_route=\/wp\/v2\/types\/post"}],"author":[{"embeddable":true,"href":"https:\/\/www.elregional.cl\/index.php?rest_route=\/wp\/v2\/users\/3"}],"replies":[{"embeddable":true,"href":"https:\/\/www.elregional.cl\/index.php?rest_route=%2Fwp%2Fv2%2Fcomments&post=15555"}],"version-history":[{"count":1,"href":"https:\/\/www.elregional.cl\/index.php?rest_route=\/wp\/v2\/posts\/15555\/revisions"}],"predecessor-version":[{"id":15556,"href":"https:\/\/www.elregional.cl\/index.php?rest_route=\/wp\/v2\/posts\/15555\/revisions\/15556"}],"wp:featuredmedia":[{"embeddable":true,"href":"https:\/\/www.elregional.cl\/index.php?rest_route=\/wp\/v2\/media\/15557"}],"wp:attachment":[{"href":"https:\/\/www.elregional.cl\/index.php?rest_route=%2Fwp%2Fv2%2Fmedia&parent=15555"}],"wp:term":[{"taxonomy":"category","embeddable":true,"href":"https:\/\/www.elregional.cl\/index.php?rest_route=%2Fwp%2Fv2%2Fcategories&post=15555"},{"taxonomy":"post_tag","embeddable":true,"href":"https:\/\/www.elregional.cl\/index.php?rest_route=%2Fwp%2Fv2%2Ftags&post=15555"}],"curies":[{"name":"wp","href":"https:\/\/api.w.org\/{rel}","templated":true}]}}