{"id":15558,"date":"2026-09-02T09:03:53","date_gmt":"2026-09-02T13:03:53","guid":{"rendered":"https:\/\/www.elregional.cl\/?p=15558"},"modified":"2026-09-02T09:03:53","modified_gmt":"2026-09-02T13:03:53","slug":"sismo-58-se-registra-al-sur-de-isla-de-pascua-y-descartan-tsunami-para-las-costas-de-chile","status":"publish","type":"post","link":"https:\/\/www.elregional.cl\/?p=15558","title":{"rendered":"Sismo 5,8 se registra al sur de Isla de Pascua y descartan tsunami para las costas de Chile"},"content":{"rendered":"<p>&nbsp;<\/p>\n<p>Un sismo de magnitud <strong>5,8<\/strong> se registr\u00f3 durante la ma\u00f1ana de este mi\u00e9rcoles 2 de septiembre, a unos <strong>880 kil\u00f3metros al sur de Isla de Pascua<\/strong>, seg\u00fan la informaci\u00f3n preliminar del Centro Alem\u00e1n de Investigaci\u00f3n en Geociencias, GEOFON.<\/p>\n<p>El movimiento ocurri\u00f3 a las <strong>08:35 horas<\/strong>, hora continental de Chile, y tuvo su epicentro en las coordenadas 35\u00b005&#8242; de latitud sur y 109\u00b005&#8242; de longitud oeste.<\/p>\n<p>Tras la evaluaci\u00f3n de las caracter\u00edsticas del sismo, el Servicio Hidrogr\u00e1fico y Oceanogr\u00e1fico de la Armada, SHOA, inform\u00f3 que <strong>el evento no re\u00fane las condiciones necesarias para generar un tsunami en las costas de Chile<\/strong>.<\/p>\n<p>La autoridad mar\u00edtima precis\u00f3 que, en caso de que SENAPRED haya decretado alguna evacuaci\u00f3n preventiva, esta deber\u00e1 mantenerse hasta que sea oficialmente cancelada.<\/p>\n<p>Hasta el momento, el SHOA mantiene su monitoreo sobre la situaci\u00f3n.<\/p>\n","protected":false},"excerpt":{"rendered":"<p>&nbsp; Un sismo de magnitud 5,8 se registr\u00f3 durante la ma\u00f1ana de este mi\u00e9rcoles 2 de septiembre, a unos 880 kil\u00f3metros al sur de Isla de Pascua, seg\u00fan la informaci\u00f3n preliminar del Centro Alem\u00e1n de Investigaci\u00f3n en Geociencias, GEOFON. El movimiento ocurri\u00f3 a las 08:35 horas, hora continental de Chile, y tuvo su epicentro en &hellip;<\/p>\n","protected":false},"author":3,"featured_media":15376,"comment_status":"open","ping_status":"closed","sticky":false,"template":"","format":"standard","meta":{"footnotes":""},"categories":[3],"tags":[],"class_list":["post-15558","post","type-post","status-publish","format-standard","has-post-thumbnail","hentry","category-pais"],"_links":{"self":[{"href":"https:\/\/www.elregional.cl\/index.php?rest_route=\/wp\/v2\/posts\/15558","targetHints":{"allow":["GET"]}}],"collection":[{"href":"https:\/\/www.elregional.cl\/index.php?rest_route=\/wp\/v2\/posts"}],"about":[{"href":"https:\/\/www.elregional.cl\/index.php?rest_route=\/wp\/v2\/types\/post"}],"author":[{"embeddable":true,"href":"https:\/\/www.elregional.cl\/index.php?rest_route=\/wp\/v2\/users\/3"}],"replies":[{"embeddable":true,"href":"https:\/\/www.elregional.cl\/index.php?rest_route=%2Fwp%2Fv2%2Fcomments&post=15558"}],"version-history":[{"count":1,"href":"https:\/\/www.elregional.cl\/index.php?rest_route=\/wp\/v2\/posts\/15558\/revisions"}],"predecessor-version":[{"id":15559,"href":"https:\/\/www.elregional.cl\/index.php?rest_route=\/wp\/v2\/posts\/15558\/revisions\/15559"}],"wp:featuredmedia":[{"embeddable":true,"href":"https:\/\/www.elregional.cl\/index.php?rest_route=\/wp\/v2\/media\/15376"}],"wp:attachment":[{"href":"https:\/\/www.elregional.cl\/index.php?rest_route=%2Fwp%2Fv2%2Fmedia&parent=15558"}],"wp:term":[{"taxonomy":"category","embeddable":true,"href":"https:\/\/www.elregional.cl\/index.php?rest_route=%2Fwp%2Fv2%2Fcategories&post=15558"},{"taxonomy":"post_tag","embeddable":true,"href":"https:\/\/www.elregional.cl\/index.php?rest_route=%2Fwp%2Fv2%2Ftags&post=15558"}],"curies":[{"name":"wp","href":"https:\/\/api.w.org\/{rel}","templated":true}]}}