{"id":15560,"date":"2026-09-02T09:07:28","date_gmt":"2026-09-02T13:07:28","guid":{"rendered":"https:\/\/www.elregional.cl\/?p=15560"},"modified":"2026-09-02T09:07:29","modified_gmt":"2026-09-02T13:07:29","slug":"tras-imacec-pib-de-chile-creceria-maximo-1-en-2026-y-queda-lejos-de-lo-esperado-a-comienzos-de-ano","status":"publish","type":"post","link":"https:\/\/www.elregional.cl\/?p=15560","title":{"rendered":"Tras Imacec: PIB de Chile crecer\u00eda m\u00e1ximo 1% en 2026 y queda lejos de lo esperado a comienzos de a\u00f1o"},"content":{"rendered":"<p data-pm-slice=\"1 1 []\">\n<p>La econom\u00eda chilena enfrenta un escenario de menor crecimiento durante 2026, luego de que el Imacec de julio registrara una ca\u00edda de 1,5% en doce meses, resultado que volvi\u00f3 a generar ajustes a la baja en las expectativas para el Producto Interno Bruto.<\/p>\n<p>Con este escenario, las estimaciones m\u00e1s recientes apuntan a que la econom\u00eda podr\u00eda crecer <strong>como m\u00e1ximo un 1% durante este a\u00f1o<\/strong>, cifra muy por debajo de las proyecciones que exist\u00edan a comienzos de 2026.<\/p>\n<p>El desempe\u00f1o econ\u00f3mico ha sido negativo en seis de los primeros siete meses del a\u00f1o. La \u00fanica excepci\u00f3n fue junio, cuando el Imacec registr\u00f3 un crecimiento de 2%, resultado que hab\u00eda sido interpretado como una posible se\u00f1al de recuperaci\u00f3n.<\/p>\n<p>Las expectativas tambi\u00e9n han experimentado un descenso sostenido. En diciembre de 2025, los economistas consultados por el Banco Central proyectaban un crecimiento de 2,3% para 2026. La cifra lleg\u00f3 a 2,6% en febrero, pero posteriormente comenz\u00f3 a disminuir hasta ubicarse en 1,3% en julio y agosto.<\/p>\n<p>El escenario se distancia adem\u00e1s de la proyecci\u00f3n realizada por el Banco Central en su Informe de Pol\u00edtica Monetaria de diciembre pasado, cuando estimaba una expansi\u00f3n de hasta 3% para este a\u00f1o.<\/p>\n<p>El ministro de Hacienda, Jorge Quiroz, reconoci\u00f3 que el resultado de julio obligar\u00e1 a revisar la actual proyecci\u00f3n oficial de crecimiento de 1,8% para 2026. El ajuste ser\u00e1 incorporado en el pr\u00f3ximo Informe de Finanzas P\u00fablicas.<\/p>\n<p>Pese a los resultados recientes, el secretario de Estado sostuvo que existen perspectivas favorables para los pr\u00f3ximos meses, principalmente debido a una mejora en las expectativas empresariales y al comportamiento de la inversi\u00f3n.<\/p>\n","protected":false},"excerpt":{"rendered":"<p>La econom\u00eda chilena enfrenta un escenario de menor crecimiento durante 2026, luego de que el Imacec de julio registrara una ca\u00edda de 1,5% en doce meses, resultado que volvi\u00f3 a generar ajustes a la baja en las expectativas para el Producto Interno Bruto. Con este escenario, las estimaciones m\u00e1s recientes apuntan a que la econom\u00eda &hellip;<\/p>\n","protected":false},"author":3,"featured_media":15562,"comment_status":"open","ping_status":"closed","sticky":false,"template":"","format":"standard","meta":{"footnotes":""},"categories":[3],"tags":[],"class_list":["post-15560","post","type-post","status-publish","format-standard","has-post-thumbnail","hentry","category-pais"],"_links":{"self":[{"href":"https:\/\/www.elregional.cl\/index.php?rest_route=\/wp\/v2\/posts\/15560","targetHints":{"allow":["GET"]}}],"collection":[{"href":"https:\/\/www.elregional.cl\/index.php?rest_route=\/wp\/v2\/posts"}],"about":[{"href":"https:\/\/www.elregional.cl\/index.php?rest_route=\/wp\/v2\/types\/post"}],"author":[{"embeddable":true,"href":"https:\/\/www.elregional.cl\/index.php?rest_route=\/wp\/v2\/users\/3"}],"replies":[{"embeddable":true,"href":"https:\/\/www.elregional.cl\/index.php?rest_route=%2Fwp%2Fv2%2Fcomments&post=15560"}],"version-history":[{"count":1,"href":"https:\/\/www.elregional.cl\/index.php?rest_route=\/wp\/v2\/posts\/15560\/revisions"}],"predecessor-version":[{"id":15561,"href":"https:\/\/www.elregional.cl\/index.php?rest_route=\/wp\/v2\/posts\/15560\/revisions\/15561"}],"wp:featuredmedia":[{"embeddable":true,"href":"https:\/\/www.elregional.cl\/index.php?rest_route=\/wp\/v2\/media\/15562"}],"wp:attachment":[{"href":"https:\/\/www.elregional.cl\/index.php?rest_route=%2Fwp%2Fv2%2Fmedia&parent=15560"}],"wp:term":[{"taxonomy":"category","embeddable":true,"href":"https:\/\/www.elregional.cl\/index.php?rest_route=%2Fwp%2Fv2%2Fcategories&post=15560"},{"taxonomy":"post_tag","embeddable":true,"href":"https:\/\/www.elregional.cl\/index.php?rest_route=%2Fwp%2Fv2%2Ftags&post=15560"}],"curies":[{"name":"wp","href":"https:\/\/api.w.org\/{rel}","templated":true}]}}