{"id":15563,"date":"2026-09-02T09:13:46","date_gmt":"2026-09-02T13:13:46","guid":{"rendered":"https:\/\/www.elregional.cl\/?p=15563"},"modified":"2026-09-02T09:13:46","modified_gmt":"2026-09-02T13:13:46","slug":"kast-supervisara-ejercicio-naval-con-fuego-real-durante-despliegue-de-la-armada-en-magallanes","status":"publish","type":"post","link":"https:\/\/www.elregional.cl\/?p=15563","title":{"rendered":"Kast supervisar\u00e1 ejercicio naval con fuego real durante despliegue de la Armada en Magallanes"},"content":{"rendered":"<p>&nbsp;<\/p>\n<p>El Presidente Jos\u00e9 Antonio Kast encabezar\u00e1 este mi\u00e9rcoles en Magallanes una revista a la Fuerza de Tarea Naval de la Armada, que re\u00fane distintas capacidades del Comando de Operaciones Navales desplegadas en la zona austral del pa\u00eds.<\/p>\n<p>El Mandatario estar\u00e1 acompa\u00f1ado por los ministros del Interior, Claudio Alvarado, y de Defensa, Fernando Barros, adem\u00e1s del comandante en jefe de la Armada, almirante Fernando Cabrera.<\/p>\n<p>Durante la actividad, Kast abordar\u00e1 la fragata <strong>\u201cCapit\u00e1n Prat\u201d<\/strong>, desde donde observar\u00e1 una serie de maniobras t\u00e1cticas destinadas a evaluar la capacidad de respuesta de las unidades navales ante distintos escenarios.<\/p>\n<p>El ejercicio contempla cuatro fases. La primera considera la simulaci\u00f3n de un suceso cr\u00edtico mediante un ejercicio antisubmarino con la participaci\u00f3n del submarino \u201cCarrera\u201d.<\/p>\n<p>Posteriormente se desarrollar\u00e1 una operaci\u00f3n de interdicci\u00f3n mar\u00edtima, que incluir\u00e1 el abordaje de una embarcaci\u00f3n mediante la inserci\u00f3n de personal especializado desde un helic\u00f3ptero hacia el remolcador \u201cLientur\u201d.<\/p>\n<p>La tercera fase corresponder\u00e1 a un ejercicio de reaprovisionamiento en la mar, maniobra que permite transferir combustible y suministros entre naves mientras se encuentran navegando.<\/p>\n<p>Finalmente, se realizar\u00e1 una demostraci\u00f3n de fuegos que comenzar\u00e1 con disparos de artiller\u00eda de apoyo naval efectuados por la fragata <strong>\u201cAlmirante Latorre\u201d<\/strong>, para continuar con una acci\u00f3n ofensiva diurna a cargo de fuerzas de Infanter\u00eda de Marina.<\/p>\n<p>En el despliegue participar\u00e1n las fragatas <strong>\u201cAlmirante Lynch\u201d, \u201cAlmirante Williams\u201d, \u201cAlmirante Latorre\u201d y \u201cCapit\u00e1n Prat\u201d<\/strong>, adem\u00e1s del buque multiprop\u00f3sito <strong>\u201cSargento Aldea\u201d<\/strong>, el submarino <strong>\u201cCarrera\u201d<\/strong> y otras unidades de apoyo.<\/p>\n<p>El ejercicio busca poner a prueba la coordinaci\u00f3n y capacidad operacional de las fuerzas desplegadas en el extremo sur del territorio nacional, mediante maniobras que incluyen operaciones antisubmarinas, interdicci\u00f3n mar\u00edtima, reabastecimiento y fuego real.<\/p>\n","protected":false},"excerpt":{"rendered":"<p>&nbsp; El Presidente Jos\u00e9 Antonio Kast encabezar\u00e1 este mi\u00e9rcoles en Magallanes una revista a la Fuerza de Tarea Naval de la Armada, que re\u00fane distintas capacidades del Comando de Operaciones Navales desplegadas en la zona austral del pa\u00eds. El Mandatario estar\u00e1 acompa\u00f1ado por los ministros del Interior, Claudio Alvarado, y de Defensa, Fernando Barros, adem\u00e1s &hellip;<\/p>\n","protected":false},"author":3,"featured_media":15565,"comment_status":"open","ping_status":"closed","sticky":false,"template":"","format":"standard","meta":{"footnotes":""},"categories":[3],"tags":[],"class_list":["post-15563","post","type-post","status-publish","format-standard","has-post-thumbnail","hentry","category-pais"],"_links":{"self":[{"href":"https:\/\/www.elregional.cl\/index.php?rest_route=\/wp\/v2\/posts\/15563","targetHints":{"allow":["GET"]}}],"collection":[{"href":"https:\/\/www.elregional.cl\/index.php?rest_route=\/wp\/v2\/posts"}],"about":[{"href":"https:\/\/www.elregional.cl\/index.php?rest_route=\/wp\/v2\/types\/post"}],"author":[{"embeddable":true,"href":"https:\/\/www.elregional.cl\/index.php?rest_route=\/wp\/v2\/users\/3"}],"replies":[{"embeddable":true,"href":"https:\/\/www.elregional.cl\/index.php?rest_route=%2Fwp%2Fv2%2Fcomments&post=15563"}],"version-history":[{"count":1,"href":"https:\/\/www.elregional.cl\/index.php?rest_route=\/wp\/v2\/posts\/15563\/revisions"}],"predecessor-version":[{"id":15564,"href":"https:\/\/www.elregional.cl\/index.php?rest_route=\/wp\/v2\/posts\/15563\/revisions\/15564"}],"wp:featuredmedia":[{"embeddable":true,"href":"https:\/\/www.elregional.cl\/index.php?rest_route=\/wp\/v2\/media\/15565"}],"wp:attachment":[{"href":"https:\/\/www.elregional.cl\/index.php?rest_route=%2Fwp%2Fv2%2Fmedia&parent=15563"}],"wp:term":[{"taxonomy":"category","embeddable":true,"href":"https:\/\/www.elregional.cl\/index.php?rest_route=%2Fwp%2Fv2%2Fcategories&post=15563"},{"taxonomy":"post_tag","embeddable":true,"href":"https:\/\/www.elregional.cl\/index.php?rest_route=%2Fwp%2Fv2%2Ftags&post=15563"}],"curies":[{"name":"wp","href":"https:\/\/api.w.org\/{rel}","templated":true}]}}