{"id":15566,"date":"2026-09-02T09:15:10","date_gmt":"2026-09-02T13:15:10","guid":{"rendered":"https:\/\/www.elregional.cl\/?p=15566"},"modified":"2026-09-02T09:15:11","modified_gmt":"2026-09-02T13:15:11","slug":"nepal-eleva-a-1-118-los-fallecidos-por-avalancha-de-lodo-y-mantiene-busqueda-de-casi-4-900-desaparecidos","status":"publish","type":"post","link":"https:\/\/www.elregional.cl\/?p=15566","title":{"rendered":"Nepal eleva a 1.118 los fallecidos por avalancha de lodo y mantiene b\u00fasqueda de casi 4.900 desaparecidos"},"content":{"rendered":"<p>&nbsp;<\/p>\n<p>La cifra de personas fallecidas por la devastadora avalancha de lodo que afect\u00f3 a Nepal el pasado 26 de agosto aument\u00f3 a <strong>1.118<\/strong>, seg\u00fan el \u00faltimo balance entregado este mi\u00e9rcoles por la polic\u00eda del pa\u00eds asi\u00e1tico.<\/p>\n<p>Las autoridades informaron adem\u00e1s que <strong>4.858 personas permanecen desaparecidas<\/strong>, mientras contin\u00faan las labores de b\u00fasqueda y rescate en las zonas m\u00e1s afectadas por la cat\u00e1strofe.<\/p>\n<p>La emergencia se produjo tras el colapso repentino de un glaciar y un posterior deslizamiento en la cordillera del Himalaya, cerca de la frontera entre Nepal y China. El fen\u00f3meno provoc\u00f3 una violenta crecida de agua, lodo y rocas que arras\u00f3 comunidades y dej\u00f3 graves da\u00f1os en viviendas, carreteras, puentes y centrales hidroel\u00e9ctricas.<\/p>\n<p>M\u00e1s de <strong>21 mil efectivos de las fuerzas de seguridad<\/strong> fueron desplegados para enfrentar la emergencia, mientras el Ej\u00e9rcito nepal\u00ed inform\u00f3 que m\u00e1s de 11.800 personas hab\u00edan sido evacuadas durante las primeras jornadas.<\/p>\n<p>Entre los desaparecidos se encuentran ciudadanos extranjeros. Un balance anterior cifr\u00f3 en al menos 590 los extranjeros que permanec\u00edan sin ser localizados.<\/p>\n<p>La cat\u00e1strofe tambi\u00e9n afect\u00f3 sectores de la regi\u00f3n china de Xizang, donde las autoridades trabajan en la recuperaci\u00f3n de la conectividad con el paso fronterizo de Gyirong.<\/p>\n<p>En Chile, la Canciller\u00eda expres\u00f3 su solidaridad con Nepal y China y se\u00f1al\u00f3 que mantiene el monitoreo de la situaci\u00f3n de ciudadanos chilenos en la zona a trav\u00e9s de la Embajada de Chile en India.<\/p>\n","protected":false},"excerpt":{"rendered":"<p>&nbsp; La cifra de personas fallecidas por la devastadora avalancha de lodo que afect\u00f3 a Nepal el pasado 26 de agosto aument\u00f3 a 1.118, seg\u00fan el \u00faltimo balance entregado este mi\u00e9rcoles por la polic\u00eda del pa\u00eds asi\u00e1tico. Las autoridades informaron adem\u00e1s que 4.858 personas permanecen desaparecidas, mientras contin\u00faan las labores de b\u00fasqueda y rescate en &hellip;<\/p>\n","protected":false},"author":3,"featured_media":15568,"comment_status":"open","ping_status":"closed","sticky":false,"template":"","format":"standard","meta":{"footnotes":""},"categories":[4],"tags":[],"class_list":["post-15566","post","type-post","status-publish","format-standard","has-post-thumbnail","hentry","category-internacional"],"_links":{"self":[{"href":"https:\/\/www.elregional.cl\/index.php?rest_route=\/wp\/v2\/posts\/15566","targetHints":{"allow":["GET"]}}],"collection":[{"href":"https:\/\/www.elregional.cl\/index.php?rest_route=\/wp\/v2\/posts"}],"about":[{"href":"https:\/\/www.elregional.cl\/index.php?rest_route=\/wp\/v2\/types\/post"}],"author":[{"embeddable":true,"href":"https:\/\/www.elregional.cl\/index.php?rest_route=\/wp\/v2\/users\/3"}],"replies":[{"embeddable":true,"href":"https:\/\/www.elregional.cl\/index.php?rest_route=%2Fwp%2Fv2%2Fcomments&post=15566"}],"version-history":[{"count":1,"href":"https:\/\/www.elregional.cl\/index.php?rest_route=\/wp\/v2\/posts\/15566\/revisions"}],"predecessor-version":[{"id":15567,"href":"https:\/\/www.elregional.cl\/index.php?rest_route=\/wp\/v2\/posts\/15566\/revisions\/15567"}],"wp:featuredmedia":[{"embeddable":true,"href":"https:\/\/www.elregional.cl\/index.php?rest_route=\/wp\/v2\/media\/15568"}],"wp:attachment":[{"href":"https:\/\/www.elregional.cl\/index.php?rest_route=%2Fwp%2Fv2%2Fmedia&parent=15566"}],"wp:term":[{"taxonomy":"category","embeddable":true,"href":"https:\/\/www.elregional.cl\/index.php?rest_route=%2Fwp%2Fv2%2Fcategories&post=15566"},{"taxonomy":"post_tag","embeddable":true,"href":"https:\/\/www.elregional.cl\/index.php?rest_route=%2Fwp%2Fv2%2Ftags&post=15566"}],"curies":[{"name":"wp","href":"https:\/\/api.w.org\/{rel}","templated":true}]}}