{"id":15569,"date":"2026-09-02T09:20:47","date_gmt":"2026-09-02T13:20:47","guid":{"rendered":"https:\/\/www.elregional.cl\/?p=15569"},"modified":"2026-09-02T09:20:48","modified_gmt":"2026-09-02T13:20:48","slug":"comercio-logra-sortear-la-caida-de-la-economia-y-ventas-online-muestran-mayor-dinamismo","status":"publish","type":"post","link":"https:\/\/www.elregional.cl\/?p=15569","title":{"rendered":"Comercio logra sortear la ca\u00edda de la econom\u00eda y ventas online muestran mayor dinamismo"},"content":{"rendered":"<h3><\/h3>\n<p>En medio del retroceso de 1,5% que registr\u00f3 la econom\u00eda chilena en julio, el comercio logr\u00f3 mantenerse en terreno positivo y anot\u00f3 un crecimiento de 0,7% respecto de igual mes del a\u00f1o anterior, seg\u00fan los datos entregados por el Banco Central.<\/p>\n<p>El resultado estuvo impulsado principalmente por el comercio minorista, que registr\u00f3 mayores ventas en almacenes de comestibles, establecimientos especializados en vestuario y plataformas de venta online.<\/p>\n<p>En contraste, el comercio mayorista tuvo un desempe\u00f1o negativo, afectado especialmente por la disminuci\u00f3n en las ventas de materiales de construcci\u00f3n.<\/p>\n<p>Pese al resultado general del sector, los principales retailers advierten que las ventas en sus tiendas f\u00edsicas siguen enfrentando un escenario complejo, marcado por menores niveles de consumo de los hogares.<\/p>\n<p>La situaci\u00f3n es distinta en el canal digital, donde la industria destaca un comportamiento considerablemente m\u00e1s din\u00e1mico, con un fuerte desempe\u00f1o de las ventas a trav\u00e9s de internet.<\/p>\n<p>As\u00ed, mientras el consumo presencial contin\u00faa mostrando se\u00f1ales de debilidad, el comercio electr\u00f3nico se consolida como uno de los principales motores que permiten al sector desacoplarse parcialmente del deterioro registrado por la actividad econ\u00f3mica durante julio.<\/p>\n","protected":false},"excerpt":{"rendered":"<p>En medio del retroceso de 1,5% que registr\u00f3 la econom\u00eda chilena en julio, el comercio logr\u00f3 mantenerse en terreno positivo y anot\u00f3 un crecimiento de 0,7% respecto de igual mes del a\u00f1o anterior, seg\u00fan los datos entregados por el Banco Central. El resultado estuvo impulsado principalmente por el comercio minorista, que registr\u00f3 mayores ventas en &hellip;<\/p>\n","protected":false},"author":3,"featured_media":15571,"comment_status":"open","ping_status":"closed","sticky":false,"template":"","format":"standard","meta":{"footnotes":""},"categories":[3],"tags":[],"class_list":["post-15569","post","type-post","status-publish","format-standard","has-post-thumbnail","hentry","category-pais"],"_links":{"self":[{"href":"https:\/\/www.elregional.cl\/index.php?rest_route=\/wp\/v2\/posts\/15569","targetHints":{"allow":["GET"]}}],"collection":[{"href":"https:\/\/www.elregional.cl\/index.php?rest_route=\/wp\/v2\/posts"}],"about":[{"href":"https:\/\/www.elregional.cl\/index.php?rest_route=\/wp\/v2\/types\/post"}],"author":[{"embeddable":true,"href":"https:\/\/www.elregional.cl\/index.php?rest_route=\/wp\/v2\/users\/3"}],"replies":[{"embeddable":true,"href":"https:\/\/www.elregional.cl\/index.php?rest_route=%2Fwp%2Fv2%2Fcomments&post=15569"}],"version-history":[{"count":1,"href":"https:\/\/www.elregional.cl\/index.php?rest_route=\/wp\/v2\/posts\/15569\/revisions"}],"predecessor-version":[{"id":15570,"href":"https:\/\/www.elregional.cl\/index.php?rest_route=\/wp\/v2\/posts\/15569\/revisions\/15570"}],"wp:featuredmedia":[{"embeddable":true,"href":"https:\/\/www.elregional.cl\/index.php?rest_route=\/wp\/v2\/media\/15571"}],"wp:attachment":[{"href":"https:\/\/www.elregional.cl\/index.php?rest_route=%2Fwp%2Fv2%2Fmedia&parent=15569"}],"wp:term":[{"taxonomy":"category","embeddable":true,"href":"https:\/\/www.elregional.cl\/index.php?rest_route=%2Fwp%2Fv2%2Fcategories&post=15569"},{"taxonomy":"post_tag","embeddable":true,"href":"https:\/\/www.elregional.cl\/index.php?rest_route=%2Fwp%2Fv2%2Ftags&post=15569"}],"curies":[{"name":"wp","href":"https:\/\/api.w.org\/{rel}","templated":true}]}}