{"id":15572,"date":"2026-09-02T09:24:14","date_gmt":"2026-09-02T13:24:14","guid":{"rendered":"https:\/\/www.elregional.cl\/?p=15572"},"modified":"2026-09-02T09:24:15","modified_gmt":"2026-09-02T13:24:15","slug":"iran-lanza-ataques-contra-bases-de-ee-uu-en-el-golfo-tras-nueva-ofensiva-de-washington","status":"publish","type":"post","link":"https:\/\/www.elregional.cl\/?p=15572","title":{"rendered":"Ir\u00e1n lanza ataques contra bases de EE.UU. en el Golfo tras nueva ofensiva de Washington"},"content":{"rendered":"<h3><\/h3>\n<p>Ir\u00e1n lanz\u00f3 este mi\u00e9rcoles una nueva ofensiva con misiles y drones contra bases e intereses de Estados Unidos en Medio Oriente, en respuesta a los bombardeos realizados por Washington contra instalaciones militares iran\u00edes.<\/p>\n<p>El Comando Central de Estados Unidos (Centcom) inform\u00f3 que el martes sus fuerzas atacaron objetivos de la Guardia Revolucionaria de Ir\u00e1n, entre ellos instalaciones de defensa a\u00e9rea, sistemas de radar y posiciones mar\u00edtimas.<\/p>\n<p>Tras esos ataques, Teher\u00e1n anunci\u00f3 una \u201coperaci\u00f3n decisiva de represalia\u201d contra instalaciones estadounidenses en la regi\u00f3n. Los Guardianes de la Revoluci\u00f3n reivindicaron posteriormente ataques contra objetivos militares de EE.UU. en Jordania, Irak y Bar\u00e9in.<\/p>\n<p>La escalada tambi\u00e9n alcanz\u00f3 a otros pa\u00edses del Golfo. El ej\u00e9rcito jordano asegur\u00f3 haber interceptado diez misiles lanzados desde Ir\u00e1n, mientras Kuwait inform\u00f3 de ataques con misiles y drones. En Bar\u00e9in, las sirenas de alerta a\u00e9rea se activaron durante la madrugada.<\/p>\n<p>El portavoz militar iran\u00ed Ebrahim Zolfaghari advirti\u00f3 que habr\u00e1 \u201crespuestas m\u00e1s amplias y destructivas\u201d si contin\u00faan las operaciones estadounidenses o de sus aliados. En paralelo, el presidente Donald Trump amenaz\u00f3 con nuevos ataques y asegur\u00f3 que cualquier represalia iran\u00ed ser\u00eda respondida \u201cmucho m\u00e1s duro y con mayor intensidad\u201d.<\/p>\n<h3>Muertos y tensi\u00f3n en el estrecho de Ormuz<\/h3>\n<p>Medios estatales iran\u00edes reportaron al menos 11 personas fallecidas producto de los ataques estadounidenses. Cuatro murieron durante una boda en la provincia de Hormozg\u00e1n, donde adem\u00e1s unas 50 personas resultaron heridas, mientras que otras siete fallecieron en Juzest\u00e1n, donde tambi\u00e9n se registraron ocho lesionados.<\/p>\n<p>Las explosiones alcanzaron sectores cercanos a Bandar Ab\u00e1s y la isla de Qeshm, adem\u00e1s de la isla de Lavan, donde se encuentra una importante terminal iran\u00ed de exportaci\u00f3n de petr\u00f3leo.<\/p>\n<p>La tensi\u00f3n aument\u00f3 adem\u00e1s en el estrat\u00e9gico estrecho de Ormuz, despu\u00e9s de que dos petroleros fueran impactados por proyectiles de origen desconocido, seg\u00fan reportes de una agencia mar\u00edtima griega.<\/p>\n<p>La escalada ya tiene efectos en los mercados energ\u00e9ticos. El precio del petr\u00f3leo WTI volvi\u00f3 a superar los US$90 por barril, mientras que el gas europeo alcanz\u00f3 su mayor valor en m\u00e1s de tres a\u00f1os.<\/p>\n<p>Ir\u00e1n tambi\u00e9n ha planteado cobrar derechos de paso por el estrecho de Ormuz, una de las principales rutas mundiales para el transporte de petr\u00f3leo, mientras Washington prepara una campa\u00f1a de \u201casfixia\u201d econ\u00f3mica mediante nuevas sanciones contra Teher\u00e1n.<\/p>\n<p>La ofensiva estadounidense ocurre pocos d\u00edas despu\u00e9s de otros ataques contra objetivos militares iran\u00edes, a los que Teher\u00e1n respondi\u00f3 atacando instalaciones estadounidenses en Jordania y Emiratos \u00c1rabes Unidos.<\/p>\n<p>En medio de la escalada, el portaviones estadounidense USS Abraham Lincoln lleg\u00f3 este mi\u00e9rcoles a Tailandia tras permanecer m\u00e1s de nueve meses en el mar. La nave hab\u00eda sido reasignada hacia Medio Oriente al inicio del conflicto, a finales de febrero.<\/p>\n","protected":false},"excerpt":{"rendered":"<p>Ir\u00e1n lanz\u00f3 este mi\u00e9rcoles una nueva ofensiva con misiles y drones contra bases e intereses de Estados Unidos en Medio Oriente, en respuesta a los bombardeos realizados por Washington contra instalaciones militares iran\u00edes. El Comando Central de Estados Unidos (Centcom) inform\u00f3 que el martes sus fuerzas atacaron objetivos de la Guardia Revolucionaria de Ir\u00e1n, entre &hellip;<\/p>\n","protected":false},"author":3,"featured_media":15574,"comment_status":"open","ping_status":"closed","sticky":false,"template":"","format":"standard","meta":{"footnotes":""},"categories":[4],"tags":[],"class_list":["post-15572","post","type-post","status-publish","format-standard","has-post-thumbnail","hentry","category-internacional"],"_links":{"self":[{"href":"https:\/\/www.elregional.cl\/index.php?rest_route=\/wp\/v2\/posts\/15572","targetHints":{"allow":["GET"]}}],"collection":[{"href":"https:\/\/www.elregional.cl\/index.php?rest_route=\/wp\/v2\/posts"}],"about":[{"href":"https:\/\/www.elregional.cl\/index.php?rest_route=\/wp\/v2\/types\/post"}],"author":[{"embeddable":true,"href":"https:\/\/www.elregional.cl\/index.php?rest_route=\/wp\/v2\/users\/3"}],"replies":[{"embeddable":true,"href":"https:\/\/www.elregional.cl\/index.php?rest_route=%2Fwp%2Fv2%2Fcomments&post=15572"}],"version-history":[{"count":1,"href":"https:\/\/www.elregional.cl\/index.php?rest_route=\/wp\/v2\/posts\/15572\/revisions"}],"predecessor-version":[{"id":15573,"href":"https:\/\/www.elregional.cl\/index.php?rest_route=\/wp\/v2\/posts\/15572\/revisions\/15573"}],"wp:featuredmedia":[{"embeddable":true,"href":"https:\/\/www.elregional.cl\/index.php?rest_route=\/wp\/v2\/media\/15574"}],"wp:attachment":[{"href":"https:\/\/www.elregional.cl\/index.php?rest_route=%2Fwp%2Fv2%2Fmedia&parent=15572"}],"wp:term":[{"taxonomy":"category","embeddable":true,"href":"https:\/\/www.elregional.cl\/index.php?rest_route=%2Fwp%2Fv2%2Fcategories&post=15572"},{"taxonomy":"post_tag","embeddable":true,"href":"https:\/\/www.elregional.cl\/index.php?rest_route=%2Fwp%2Fv2%2Ftags&post=15572"}],"curies":[{"name":"wp","href":"https:\/\/api.w.org\/{rel}","templated":true}]}}