{"id":15575,"date":"2026-09-02T12:30:57","date_gmt":"2026-09-02T16:30:57","guid":{"rendered":"https:\/\/www.elregional.cl\/?p=15575"},"modified":"2026-09-02T12:30:58","modified_gmt":"2026-09-02T16:30:58","slug":"hombre-muere-tras-recibir-multiples-impactos-balisticos-en-poblacion-colonias-extranjeras-de-copiapo","status":"publish","type":"post","link":"https:\/\/www.elregional.cl\/?p=15575","title":{"rendered":"Hombre muere tras recibir m\u00faltiples impactos bal\u00edsticos en poblaci\u00f3n Colonias Extranjeras de Copiap\u00f3"},"content":{"rendered":"<p style=\"font-weight: 400;\">Detectives de la Brigada de Homicidios (BH) de la PDI Copiap\u00f3, junto a peritos del Laboratorio de Criminal\u00edstica Regional (Lacrim), realizaron diligencias en coordinaci\u00f3n con la Fiscal\u00eda de Atacama y su Equipo Contra el Crimen Organizado y Homicidios (ECOH), en virtud a un homicidio ocurrido en la poblaci\u00f3n Colonias Extranjeras de Copiap\u00f3, siendo la v\u00edctima un hombre chileno, mayor de edad.<\/p>\n<p style=\"font-weight: 400;\">\u201cEn virtud a una solicitud del Ministerio P\u00fablico se concurri\u00f3 a la poblaci\u00f3n Colonias Extranjeras de Copiap\u00f3 debido al hallazgo de una persona fallecida de sexo masculino en la v\u00eda p\u00fablica. Por esta raz\u00f3n, concurri\u00f3 toda la BH Copiap\u00f3 en conjunto con el Lacrim para establecer la presencia de la persona fallecida en el lugar, determinando que la v\u00edctima presenta m\u00faltiples impactos bal\u00edsticos, siendo su identidad a\u00fan materia de investigaci\u00f3n y encontr\u00e1ndose a\u00fan en desarrollo diversas diligencias investigativas para establecer la din\u00e1mica y determinar a los autores del hecho\u201d, se\u00f1al\u00f3 el Jefe (S) de la BH Copiap\u00f3, subprefecto Marcelo Gonz\u00e1lez.<\/p>\n<p style=\"font-weight: 400;\">Por su parte, la Fiscal Jefa de la Unidad SAC de la Fiscal\u00eda de Atacama, Paula Barrueto, quien se constituy\u00f3 en el lugar con profesionales del Equipo ECOH, coment\u00f3 que \u201cel d\u00eda de hoy recibimos un llamado alrededor de las 06:30 horas al Fono Homicidios, activ\u00e1ndose la concurrencia del Equipo ECOH y se dispuso que nos traslad\u00e1ramos al sector alto de Copiap\u00f3, en virtud a que la informaci\u00f3n que recibimos era de un hombre adulto de nacionalidad chilena fallecido. Por esta raz\u00f3n, estamos ac\u00e1 trabajando con la BH Copiap\u00f3 y el Lacrim de la PDI, manteni\u00e9ndose en estos momentos la causa en investigaci\u00f3n y desarrollo, haciendo las diligencias para esclarecer el hecho\u201d.<\/p>\n<p style=\"font-weight: 400;\">Las indagatorias contin\u00faan en curso por parte de la PDI Atacama, a trav\u00e9s de la BH Copiap\u00f3, en coordinaci\u00f3n con la Fiscal\u00eda de Atacama.<\/p>\n","protected":false},"excerpt":{"rendered":"<p>Detectives de la Brigada de Homicidios (BH) de la PDI Copiap\u00f3, junto a peritos del Laboratorio de Criminal\u00edstica Regional (Lacrim), realizaron diligencias en coordinaci\u00f3n con la Fiscal\u00eda de Atacama y su Equipo Contra el Crimen Organizado y Homicidios (ECOH), en virtud a un homicidio ocurrido en la poblaci\u00f3n Colonias Extranjeras de Copiap\u00f3, siendo la v\u00edctima &hellip;<\/p>\n","protected":false},"author":3,"featured_media":15577,"comment_status":"open","ping_status":"closed","sticky":false,"template":"","format":"standard","meta":{"footnotes":""},"categories":[16],"tags":[],"class_list":["post-15575","post","type-post","status-publish","format-standard","has-post-thumbnail","hentry","category-atacama"],"_links":{"self":[{"href":"https:\/\/www.elregional.cl\/index.php?rest_route=\/wp\/v2\/posts\/15575","targetHints":{"allow":["GET"]}}],"collection":[{"href":"https:\/\/www.elregional.cl\/index.php?rest_route=\/wp\/v2\/posts"}],"about":[{"href":"https:\/\/www.elregional.cl\/index.php?rest_route=\/wp\/v2\/types\/post"}],"author":[{"embeddable":true,"href":"https:\/\/www.elregional.cl\/index.php?rest_route=\/wp\/v2\/users\/3"}],"replies":[{"embeddable":true,"href":"https:\/\/www.elregional.cl\/index.php?rest_route=%2Fwp%2Fv2%2Fcomments&post=15575"}],"version-history":[{"count":1,"href":"https:\/\/www.elregional.cl\/index.php?rest_route=\/wp\/v2\/posts\/15575\/revisions"}],"predecessor-version":[{"id":15576,"href":"https:\/\/www.elregional.cl\/index.php?rest_route=\/wp\/v2\/posts\/15575\/revisions\/15576"}],"wp:featuredmedia":[{"embeddable":true,"href":"https:\/\/www.elregional.cl\/index.php?rest_route=\/wp\/v2\/media\/15577"}],"wp:attachment":[{"href":"https:\/\/www.elregional.cl\/index.php?rest_route=%2Fwp%2Fv2%2Fmedia&parent=15575"}],"wp:term":[{"taxonomy":"category","embeddable":true,"href":"https:\/\/www.elregional.cl\/index.php?rest_route=%2Fwp%2Fv2%2Fcategories&post=15575"},{"taxonomy":"post_tag","embeddable":true,"href":"https:\/\/www.elregional.cl\/index.php?rest_route=%2Fwp%2Fv2%2Ftags&post=15575"}],"curies":[{"name":"wp","href":"https:\/\/api.w.org\/{rel}","templated":true}]}}