{"id":15584,"date":"2026-09-02T21:12:12","date_gmt":"2026-09-03T01:12:12","guid":{"rendered":"https:\/\/www.elregional.cl\/?p=15584"},"modified":"2026-09-02T21:12:13","modified_gmt":"2026-09-03T01:12:13","slug":"coquimbo-vencio-a-udec-se-reencuentra-con-el-triunfo-y-acecha-zona-de-copas","status":"publish","type":"post","link":"https:\/\/www.elregional.cl\/?p=15584","title":{"rendered":"Coquimbo venci\u00f3 a UdeC, se reencuentra con el triunfo y acecha zona de copas"},"content":{"rendered":"<h3><\/h3>\n<p>Coquimbo Unido volvi\u00f3 a celebrar en la Liga de Primera tras imponerse por 1-0 a Universidad de Concepci\u00f3n, en el estadio Francisco S\u00e1nchez Rumoroso, en un partido pendiente de la fecha 16.<\/p>\n<p>El cuadro dirigido por Hern\u00e1n Caputto consigui\u00f3 as\u00ed su <strong>primer triunfo de la segunda rueda<\/strong> y dej\u00f3 atr\u00e1s una racha complicada en el campeonato.<\/p>\n<p>El encuentro se disput\u00f3 a puertas cerradas debido a la sanci\u00f3n derivada de los incidentes registrados ante Huachipato, donde el arquero acerero Christian Bravo sufri\u00f3 un trauma ac\u00fastico tras la explosi\u00f3n de bombas de estruendo.<\/p>\n<p>Cuando el partido parec\u00eda terminar sin goles, apareci\u00f3 <strong>Luis Riveros<\/strong> a los 85 minutos. El delantero se elev\u00f3 en el \u00e1rea y conect\u00f3 un preciso cabezazo para marcar el \u00fanico tanto del encuentro.<\/p>\n<p>Con esta victoria, <strong>Coquimbo Unido lleg\u00f3 a 29 puntos y subi\u00f3 al octavo lugar<\/strong>, quedando a una unidad de Deportes Concepci\u00f3n y a tres de \u00d1ublense, que actualmente ocupa un puesto de clasificaci\u00f3n a Copa Sudamericana.<\/p>\n<p>Universidad de Concepci\u00f3n, en tanto, se mantiene decimocuarto con 22 puntos, apenas una unidad por encima de Cobresal, que ocupa la zona de descenso.<\/p>\n","protected":false},"excerpt":{"rendered":"<p>Coquimbo Unido volvi\u00f3 a celebrar en la Liga de Primera tras imponerse por 1-0 a Universidad de Concepci\u00f3n, en el estadio Francisco S\u00e1nchez Rumoroso, en un partido pendiente de la fecha 16. El cuadro dirigido por Hern\u00e1n Caputto consigui\u00f3 as\u00ed su primer triunfo de la segunda rueda y dej\u00f3 atr\u00e1s una racha complicada en el &hellip;<\/p>\n","protected":false},"author":3,"featured_media":15586,"comment_status":"open","ping_status":"closed","sticky":false,"template":"","format":"standard","meta":{"footnotes":""},"categories":[13,5],"tags":[],"class_list":["post-15584","post","type-post","status-publish","format-standard","has-post-thumbnail","hentry","category-coquimbo","category-deportes"],"_links":{"self":[{"href":"https:\/\/www.elregional.cl\/index.php?rest_route=\/wp\/v2\/posts\/15584","targetHints":{"allow":["GET"]}}],"collection":[{"href":"https:\/\/www.elregional.cl\/index.php?rest_route=\/wp\/v2\/posts"}],"about":[{"href":"https:\/\/www.elregional.cl\/index.php?rest_route=\/wp\/v2\/types\/post"}],"author":[{"embeddable":true,"href":"https:\/\/www.elregional.cl\/index.php?rest_route=\/wp\/v2\/users\/3"}],"replies":[{"embeddable":true,"href":"https:\/\/www.elregional.cl\/index.php?rest_route=%2Fwp%2Fv2%2Fcomments&post=15584"}],"version-history":[{"count":1,"href":"https:\/\/www.elregional.cl\/index.php?rest_route=\/wp\/v2\/posts\/15584\/revisions"}],"predecessor-version":[{"id":15585,"href":"https:\/\/www.elregional.cl\/index.php?rest_route=\/wp\/v2\/posts\/15584\/revisions\/15585"}],"wp:featuredmedia":[{"embeddable":true,"href":"https:\/\/www.elregional.cl\/index.php?rest_route=\/wp\/v2\/media\/15586"}],"wp:attachment":[{"href":"https:\/\/www.elregional.cl\/index.php?rest_route=%2Fwp%2Fv2%2Fmedia&parent=15584"}],"wp:term":[{"taxonomy":"category","embeddable":true,"href":"https:\/\/www.elregional.cl\/index.php?rest_route=%2Fwp%2Fv2%2Fcategories&post=15584"},{"taxonomy":"post_tag","embeddable":true,"href":"https:\/\/www.elregional.cl\/index.php?rest_route=%2Fwp%2Fv2%2Ftags&post=15584"}],"curies":[{"name":"wp","href":"https:\/\/api.w.org\/{rel}","templated":true}]}}