{"id":15587,"date":"2026-09-02T21:18:49","date_gmt":"2026-09-03T01:18:49","guid":{"rendered":"https:\/\/www.elregional.cl\/?p=15587"},"modified":"2026-09-02T21:18:50","modified_gmt":"2026-09-03T01:18:50","slug":"semana-de-la-construccion-pone-en-el-centro-las-brechas-de-infraestructura-y-el-desafio-de-convertir-oportunidades-en-proyectos-para-atacama","status":"publish","type":"post","link":"https:\/\/www.elregional.cl\/?p=15587","title":{"rendered":"Semana de la Construcci\u00f3n pone en el centro las brechas de infraestructura y el desaf\u00edo de convertir oportunidades en proyectos para Atacama"},"content":{"rendered":"<h3><\/h3>\n<p>La XIII Semana de la Construcci\u00f3n Atacama puso en el centro las principales brechas de infraestructura de la regi\u00f3n y la necesidad de avanzar desde el diagn\u00f3stico hacia la ejecuci\u00f3n de proyectos concretos.<\/p>\n<p>Durante la jornada, desarrollada en el Parque Kaukari de Copiap\u00f3, representantes del sector p\u00fablico, privado y acad\u00e9mico analizaron las necesidades de Atacama para los pr\u00f3ximos diez a\u00f1os, con especial atenci\u00f3n en infraestructura h\u00eddrica y energ\u00e9tica, conectividad, puertos, aeropuertos, infraestructura social y espacios p\u00fablicos.<\/p>\n<p>Nicol\u00e1s Le\u00f3n, gerente de Estudios y Pol\u00edticas P\u00fablicas de la C\u00e1mara Chilena de la Construcci\u00f3n, present\u00f3 un informe que identifica las principales brechas regionales y plantea una cartera de iniciativas para abordarlas mediante inversi\u00f3n p\u00fablica y privada.<\/p>\n<p>En tanto, Carlos Cruz, director ejecutivo del Consejo de Pol\u00edticas de Infraestructura, llam\u00f3 a no quedarse solo en los diagn\u00f3sticos y a transformar las oportunidades de desarrollo en proyectos concretos, mediante una mayor coordinaci\u00f3n entre el Estado y el sector privado.<\/p>\n<p>La jornada tambi\u00e9n incluy\u00f3 un panel sobre infraestructura para el desarrollo sostenible, con participaci\u00f3n de autoridades regionales, donde se abordaron desaf\u00edos de inversi\u00f3n, conectividad, infraestructura vial, h\u00eddrica y log\u00edstica.<\/p>\n<p>Desde el Gobierno Regional se destac\u00f3 adem\u00e1s el avance de una nueva corporaci\u00f3n o agencia destinada a impulsar infraestructura habilitante para el desarrollo productivo de Atacama.<\/p>\n<p>El presidente regional de la CChC, Cristi\u00e1n Alzamora, plante\u00f3 que uno de los principales desaf\u00edos es reducir la distancia entre el potencial econ\u00f3mico de la regi\u00f3n y sus niveles de inversi\u00f3n en infraestructura.<\/p>\n<p>El encuentro concluy\u00f3 con un llamado a fortalecer la coordinaci\u00f3n entre los sectores p\u00fablico, privado y acad\u00e9mico para acelerar inversiones, generar empleo y transformar el potencial de Atacama en proyectos que contribuyan al desarrollo y a mejorar la calidad de vida de sus habitantes.<\/p>\n","protected":false},"excerpt":{"rendered":"<p>La XIII Semana de la Construcci\u00f3n Atacama puso en el centro las principales brechas de infraestructura de la regi\u00f3n y la necesidad de avanzar desde el diagn\u00f3stico hacia la ejecuci\u00f3n de proyectos concretos. Durante la jornada, desarrollada en el Parque Kaukari de Copiap\u00f3, representantes del sector p\u00fablico, privado y acad\u00e9mico analizaron las necesidades de Atacama &hellip;<\/p>\n","protected":false},"author":3,"featured_media":15589,"comment_status":"open","ping_status":"closed","sticky":false,"template":"","format":"standard","meta":{"footnotes":""},"categories":[16],"tags":[],"class_list":["post-15587","post","type-post","status-publish","format-standard","has-post-thumbnail","hentry","category-atacama"],"_links":{"self":[{"href":"https:\/\/www.elregional.cl\/index.php?rest_route=\/wp\/v2\/posts\/15587","targetHints":{"allow":["GET"]}}],"collection":[{"href":"https:\/\/www.elregional.cl\/index.php?rest_route=\/wp\/v2\/posts"}],"about":[{"href":"https:\/\/www.elregional.cl\/index.php?rest_route=\/wp\/v2\/types\/post"}],"author":[{"embeddable":true,"href":"https:\/\/www.elregional.cl\/index.php?rest_route=\/wp\/v2\/users\/3"}],"replies":[{"embeddable":true,"href":"https:\/\/www.elregional.cl\/index.php?rest_route=%2Fwp%2Fv2%2Fcomments&post=15587"}],"version-history":[{"count":1,"href":"https:\/\/www.elregional.cl\/index.php?rest_route=\/wp\/v2\/posts\/15587\/revisions"}],"predecessor-version":[{"id":15588,"href":"https:\/\/www.elregional.cl\/index.php?rest_route=\/wp\/v2\/posts\/15587\/revisions\/15588"}],"wp:featuredmedia":[{"embeddable":true,"href":"https:\/\/www.elregional.cl\/index.php?rest_route=\/wp\/v2\/media\/15589"}],"wp:attachment":[{"href":"https:\/\/www.elregional.cl\/index.php?rest_route=%2Fwp%2Fv2%2Fmedia&parent=15587"}],"wp:term":[{"taxonomy":"category","embeddable":true,"href":"https:\/\/www.elregional.cl\/index.php?rest_route=%2Fwp%2Fv2%2Fcategories&post=15587"},{"taxonomy":"post_tag","embeddable":true,"href":"https:\/\/www.elregional.cl\/index.php?rest_route=%2Fwp%2Fv2%2Ftags&post=15587"}],"curies":[{"name":"wp","href":"https:\/\/api.w.org\/{rel}","templated":true}]}}