{"id":15590,"date":"2026-09-02T21:31:32","date_gmt":"2026-09-03T01:31:32","guid":{"rendered":"https:\/\/www.elregional.cl\/?p=15590"},"modified":"2026-09-02T21:31:33","modified_gmt":"2026-09-03T01:31:33","slug":"dicrep-eleva-a-30-000-el-valor-del-gramo-de-oro-en-antofagasta-y-copiapo-durante-septiembre","status":"publish","type":"post","link":"https:\/\/www.elregional.cl\/?p=15590","title":{"rendered":"DICREP eleva a $30.000 el valor del gramo de oro en Antofagasta y Copiap\u00f3 durante septiembre"},"content":{"rendered":"<p style=\"text-align: left;\" align=\"justify\"><strong>La medida permitir\u00e1 que las personas usuarias de ambas regiones accedan a un mayor monto de pr\u00e9stamo por una misma prenda de oro. La iniciativa da continuidad al valor de $30.000 por gramo implementado durante agosto en Coquimbo y Valpara\u00edso.<\/strong><!--more--><\/p>\n<p align=\"justify\">\n<p align=\"justify\">\n<p style=\"text-align: left;\" align=\"justify\">Durante septiembre, la Direcci\u00f3n General del Cr\u00e9dito Prendario (DICREP) aplicar\u00e1 un valor de $30.000 por gramo de oro en sus Unidades de Cr\u00e9dito de Antofagasta y Copiap\u00f3, permitiendo que las personas usuarias puedan acceder a un mayor monto de pr\u00e9stamo por una misma prenda.<\/p>\n<p style=\"text-align: left;\" align=\"justify\">La medida da continuidad a la experiencia implementada durante agosto en las regiones de Coquimbo y Valpara\u00edso, donde el valor del gramo de oro fue elevado a $30.000. Tras la favorable recepci\u00f3n de la medida por parte de las personas usuarias, DICREP determin\u00f3 extender durante septiembre este valor a las regiones de Antofagasta y Atacama.<\/p>\n<p style=\"text-align: left;\" align=\"justify\">Esta medida se enmarca en el rol social de DICREP y en su compromiso de poner el cr\u00e9dito prendario a disposici\u00f3n de las personas y familias que requieren contar con recursos de manera oportuna, especialmente en contextos que puedan generar mayores necesidades econ\u00f3micas, como los asociados a situaciones de emergencia y a los efectos de la emergencia clim\u00e1tica.<\/p>\n<p style=\"text-align: left;\" align=\"justify\">La seremi del Trabajo y Previsi\u00f3n Social, Cristina Bravo Bassi, destac\u00f3 el car\u00e1cter social de esta iniciativa y su aporte a las familias de la regi\u00f3n.\u00a0\u201cEsta medida representa una alternativa concreta para que las personas puedan acceder de manera r\u00e1pida y sencilla a recursos que muchas veces necesitan con urgencia. Como Gobierno, valoramos que DICREP fortalezca su rol social y acerque herramientas de apoyo financiero a las familias, especialmente en momentos en que pueden enfrentar mayores dificultades econ\u00f3micas. El aumento del valor del gramo de oro permitir\u00e1 obtener un pr\u00e9stamo mayor por una misma prenda, entregando un alivio importante a quienes recurren a este servicio\u201d, se\u00f1al\u00f3.<\/p>\n<p style=\"text-align: left;\" align=\"justify\">El aumento temporal del valor de tasaci\u00f3n del gramo de oro permite que una misma prenda pueda dar acceso a un mayor monto de pr\u00e9stamo, fortaleciendo as\u00ed al cr\u00e9dito prendario como una alternativa de financiamiento r\u00e1pida y accesible para las personas usuarias.<\/p>\n<p style=\"text-align: left;\" align=\"justify\">La medida estar\u00e1 vigente durante todo septiembre de 2026 y beneficiar\u00e1 a las personas que realicen operaciones en las Unidades de Cr\u00e9dito DICREP de Antofagasta y Copiap\u00f3.<\/p>\n<p style=\"text-align: left;\" align=\"justify\">Las condiciones y requisitos para acceder al cr\u00e9dito prendario se mantienen sin modificaciones, variando durante este per\u00edodo \u00fanicamente el valor de tasaci\u00f3n del gramo de oro, establecido en $30.000.<\/p>\n<p style=\"text-align: left;\" align=\"justify\"><strong>\u00bfC\u00f3mo acceder al beneficio?<\/strong><\/p>\n<p style=\"text-align: left;\" align=\"justify\">Las personas interesadas deber\u00e1n acercarse a las Unidades de Cr\u00e9dito DICREP de Antofagasta o Copiap\u00f3, donde podr\u00e1n empe\u00f1ar una prenda de oro y acceder al valor de $30.000 por gramo durante septiembre.<\/p>\n<p style=\"text-align: left;\" align=\"justify\">La atenci\u00f3n se realiza de lunes a viernes, entre las 09:00 y las 14:00 horas.<\/p>\n<p style=\"text-align: left;\" align=\"justify\">Para conocer los requisitos, direcciones y horarios de atenci\u00f3n, visite www.dicrep.gob.cl.<\/p>\n<p style=\"text-align: left;\" align=\"justify\">\n","protected":false},"excerpt":{"rendered":"<p>La medida permitir\u00e1 que las personas usuarias de ambas regiones accedan a un mayor monto de pr\u00e9stamo por una misma prenda de oro. La iniciativa da continuidad al valor de $30.000 por gramo implementado durante agosto en Coquimbo y Valpara\u00edso. Durante septiembre, la Direcci\u00f3n General del Cr\u00e9dito Prendario (DICREP) aplicar\u00e1 un valor de $30.000 por &hellip;<\/p>\n","protected":false},"author":3,"featured_media":15592,"comment_status":"open","ping_status":"closed","sticky":false,"template":"","format":"standard","meta":{"footnotes":""},"categories":[16],"tags":[],"class_list":["post-15590","post","type-post","status-publish","format-standard","has-post-thumbnail","hentry","category-atacama"],"_links":{"self":[{"href":"https:\/\/www.elregional.cl\/index.php?rest_route=\/wp\/v2\/posts\/15590","targetHints":{"allow":["GET"]}}],"collection":[{"href":"https:\/\/www.elregional.cl\/index.php?rest_route=\/wp\/v2\/posts"}],"about":[{"href":"https:\/\/www.elregional.cl\/index.php?rest_route=\/wp\/v2\/types\/post"}],"author":[{"embeddable":true,"href":"https:\/\/www.elregional.cl\/index.php?rest_route=\/wp\/v2\/users\/3"}],"replies":[{"embeddable":true,"href":"https:\/\/www.elregional.cl\/index.php?rest_route=%2Fwp%2Fv2%2Fcomments&post=15590"}],"version-history":[{"count":1,"href":"https:\/\/www.elregional.cl\/index.php?rest_route=\/wp\/v2\/posts\/15590\/revisions"}],"predecessor-version":[{"id":15591,"href":"https:\/\/www.elregional.cl\/index.php?rest_route=\/wp\/v2\/posts\/15590\/revisions\/15591"}],"wp:featuredmedia":[{"embeddable":true,"href":"https:\/\/www.elregional.cl\/index.php?rest_route=\/wp\/v2\/media\/15592"}],"wp:attachment":[{"href":"https:\/\/www.elregional.cl\/index.php?rest_route=%2Fwp%2Fv2%2Fmedia&parent=15590"}],"wp:term":[{"taxonomy":"category","embeddable":true,"href":"https:\/\/www.elregional.cl\/index.php?rest_route=%2Fwp%2Fv2%2Fcategories&post=15590"},{"taxonomy":"post_tag","embeddable":true,"href":"https:\/\/www.elregional.cl\/index.php?rest_route=%2Fwp%2Fv2%2Ftags&post=15590"}],"curies":[{"name":"wp","href":"https:\/\/api.w.org\/{rel}","templated":true}]}}