{"id":15599,"date":"2026-09-03T09:01:14","date_gmt":"2026-09-03T13:01:14","guid":{"rendered":"https:\/\/www.elregional.cl\/?p=15599"},"modified":"2026-09-03T09:01:15","modified_gmt":"2026-09-03T13:01:15","slug":"clan-familiar-dedicado-al-narcotrafico-suma-dos-detenidos-tras-operativo-en-coyhaique","status":"publish","type":"post","link":"https:\/\/www.elregional.cl\/?p=15599","title":{"rendered":"Clan familiar dedicado al narcotr\u00e1fico suma dos detenidos tras operativo en Coyhaique"},"content":{"rendered":"<h1><\/h1>\n<p>Dos integrantes de un clan familiar dedicado al tr\u00e1fico il\u00edcito de drogas fueron detenidos en Coyhaique, en un operativo desarrollado por el Sistema de An\u00e1lisis Criminal (SAC) de la Fiscal\u00eda Regional de Ays\u00e9n y la Brigada Antinarc\u00f3ticos y Contra el Crimen Organizado de la PDI.<\/p>\n<p>Entre los detenidos se encuentra un hombre que permanec\u00eda pr\u00f3fugo desde hace casi cuatro meses, luego de no ser capturado durante un procedimiento realizado en mayo, cuando fueron incautados en Temuco m\u00e1s de 39 kilos de cannabis que eran trasladados desde Santiago con destino a Ays\u00e9n, ocultos en electrodom\u00e9sticos para simular una mudanza.<\/p>\n<p>La investigaci\u00f3n se inici\u00f3 en 2025 a partir de una denuncia an\u00f3nima y permiti\u00f3 establecer la participaci\u00f3n de distintos integrantes de la agrupaci\u00f3n. La abogada del SAC Ays\u00e9n, Francesca Ciocca, inform\u00f3 que los detenidos corresponden a una madre y su hijo, quienes fueron formalizados ante el Juzgado de Garant\u00eda de Coyhaique.<\/p>\n<p>El Ministerio P\u00fablico solicit\u00f3 para ambos la medida cautelar de prisi\u00f3n preventiva, petici\u00f3n que fue acogida por el tribunal al considerar que su libertad constituye un peligro para la sociedad.<\/p>\n<p>El jefe de la Briant Coyhaique, subprefecto Jorge Collao, explic\u00f3 que luego del procedimiento de mayo se mantuvo la l\u00ednea investigativa para establecer la participaci\u00f3n de una tercera persona, identificada como la madre de los imputados.<\/p>\n<p>Tras obtener nuevas \u00f3rdenes de detenci\u00f3n y de entrada y registro, diligencias que se concretaron durante la tarde del martes, los detectives lograron ubicar al imputado que permanec\u00eda pr\u00f3fugo y detenerlo junto a su madre en un domicilio de la comuna.<\/p>\n<p>Con estas detenciones, ambos se suman a otros cuatro integrantes de la organizaci\u00f3n que permanecen en prisi\u00f3n preventiva desde mayo, elevando a seis los miembros del grupo que se encuentran bajo esta medida cautelar.<\/p>\n<p>Durante el mismo operativo, adem\u00e1s, fueron detenidas en flagrancia otras dos personas, un hombre y una mujer, acusadas de microtr\u00e1fico. En los registros se incautaron cerca de 100 dosis de clorhidrato de coca\u00edna y cannabis, adem\u00e1s de dinero en efectivo y otras especies vinculadas a la actividad il\u00edcita.<\/p>\n","protected":false},"excerpt":{"rendered":"<p>Dos integrantes de un clan familiar dedicado al tr\u00e1fico il\u00edcito de drogas fueron detenidos en Coyhaique, en un operativo desarrollado por el Sistema de An\u00e1lisis Criminal (SAC) de la Fiscal\u00eda Regional de Ays\u00e9n y la Brigada Antinarc\u00f3ticos y Contra el Crimen Organizado de la PDI. Entre los detenidos se encuentra un hombre que permanec\u00eda pr\u00f3fugo &hellip;<\/p>\n","protected":false},"author":3,"featured_media":15601,"comment_status":"open","ping_status":"closed","sticky":false,"template":"","format":"standard","meta":{"footnotes":""},"categories":[3],"tags":[],"class_list":["post-15599","post","type-post","status-publish","format-standard","has-post-thumbnail","hentry","category-pais"],"_links":{"self":[{"href":"https:\/\/www.elregional.cl\/index.php?rest_route=\/wp\/v2\/posts\/15599","targetHints":{"allow":["GET"]}}],"collection":[{"href":"https:\/\/www.elregional.cl\/index.php?rest_route=\/wp\/v2\/posts"}],"about":[{"href":"https:\/\/www.elregional.cl\/index.php?rest_route=\/wp\/v2\/types\/post"}],"author":[{"embeddable":true,"href":"https:\/\/www.elregional.cl\/index.php?rest_route=\/wp\/v2\/users\/3"}],"replies":[{"embeddable":true,"href":"https:\/\/www.elregional.cl\/index.php?rest_route=%2Fwp%2Fv2%2Fcomments&post=15599"}],"version-history":[{"count":1,"href":"https:\/\/www.elregional.cl\/index.php?rest_route=\/wp\/v2\/posts\/15599\/revisions"}],"predecessor-version":[{"id":15600,"href":"https:\/\/www.elregional.cl\/index.php?rest_route=\/wp\/v2\/posts\/15599\/revisions\/15600"}],"wp:featuredmedia":[{"embeddable":true,"href":"https:\/\/www.elregional.cl\/index.php?rest_route=\/wp\/v2\/media\/15601"}],"wp:attachment":[{"href":"https:\/\/www.elregional.cl\/index.php?rest_route=%2Fwp%2Fv2%2Fmedia&parent=15599"}],"wp:term":[{"taxonomy":"category","embeddable":true,"href":"https:\/\/www.elregional.cl\/index.php?rest_route=%2Fwp%2Fv2%2Fcategories&post=15599"},{"taxonomy":"post_tag","embeddable":true,"href":"https:\/\/www.elregional.cl\/index.php?rest_route=%2Fwp%2Fv2%2Ftags&post=15599"}],"curies":[{"name":"wp","href":"https:\/\/api.w.org\/{rel}","templated":true}]}}