{"id":15602,"date":"2026-09-03T09:21:03","date_gmt":"2026-09-03T13:21:03","guid":{"rendered":"https:\/\/www.elregional.cl\/?p=15602"},"modified":"2026-09-03T09:21:04","modified_gmt":"2026-09-03T13:21:04","slug":"sernapesca-lanza-campana-que-no-le-vendan-la-pesca-para-proteger-a-la-merluza-comun-durante-su-periodo-reproductivo","status":"publish","type":"post","link":"https:\/\/www.elregional.cl\/?p=15602","title":{"rendered":"Sernapesca lanza campa\u00f1a \u201cQue no le vendan la pesc\u00e1\u201d para proteger a la merluza com\u00fan durante su periodo reproductivo"},"content":{"rendered":"<p><strong>Desde el 1 de septiembre y durante todo el mes estar\u00e1 prohibida la captura, desembarque, transporte y comercializaci\u00f3n de merluza com\u00fan fresca en todo Chile. El Servicio llam\u00f3 a la ciudadan\u00eda a no comprar este recurso durante la veda y denunciar su venta al 800 320 032.<\/strong><!--more--><\/p>\n<p>&nbsp;<\/p>\n<p>Entre las regiones de Coquimbo y Biob\u00edo ya se han realizado distintas acciones de difusi\u00f3n a pescadores, comercializadores, restaurantes y consumidores entregando material informativo sobre la veda se extiende entre el 1 y el 30 de septiembre, periodo en que la merluza com\u00fan se encuentra en su peak reproductivo. Por ello, la normativa proh\u00edbe su captura y extracci\u00f3n, as\u00ed como su desembarque, transporte, almacenamiento, procesamiento y comercializaci\u00f3n en estado fresco a nivel nacional.<\/p>\n<p>\u201cLa merluza com\u00fan es uno de los pescados m\u00e1s t\u00edpicos de nuestro pa\u00eds, es parte de nuestra cultura, y debemos cuidarla en el mes de septiembre porque est\u00e1 en periodo de reproducci\u00f3n. El llamado a todos quienes compran este producto es que durante septiembre se abstengan de consumir este recurso y aprovechen otras alternativas\u201d, se\u00f1al\u00f3 la directora nacional de Sernapesca, Soledad Tapia Almonacid.<\/p>\n<p>La autoridad destac\u00f3 que el respeto de la veda es fundamental para avanzar en la recuperaci\u00f3n y sustentabilidad de esta pesquer\u00eda, de la que participan m\u00e1s de 3.000 pescadores y pescadoras a nivel nacional.<\/p>\n<p>\u201cEsta es una tarea en la que necesitamos el compromiso de todos: de quienes extraen y comercializan los recursos, pero tambi\u00e9n de quienes compran. Si no hay demanda, no hay incentivo para el comercio ilegal. Por eso, durante septiembre invitamos a las personas a no comprar merluza com\u00fan fresca y a denunciar si detectan su venta\u201d, agreg\u00f3 Tapia.<\/p>\n<p>Por tratarse de un recurso en estado de sobreexplotaci\u00f3n, la comercializaci\u00f3n, procesamiento, almacenamiento y transporte de merluza com\u00fan fresca durante la veda constituye una infracci\u00f3n a la normativa y puede configurar un delito. En este contexto, el Servicio reforzar\u00e1 las acciones de fiscalizaci\u00f3n a lo largo del pa\u00eds, tanto en zonas de pesca, desembarque, transporte y puntos de comercializaci\u00f3n.<\/p>\n<p>La ciudadan\u00eda tambi\u00e9n puede contribuir a la protecci\u00f3n del recurso. En caso de detectar venta de merluza com\u00fan fresca durante septiembre, puede realizar una denuncia a Sernapesca a trav\u00e9s del tel\u00e9fono 800 320 032.<\/p>\n","protected":false},"excerpt":{"rendered":"<p>Desde el 1 de septiembre y durante todo el mes estar\u00e1 prohibida la captura, desembarque, transporte y comercializaci\u00f3n de merluza com\u00fan fresca en todo Chile. El Servicio llam\u00f3 a la ciudadan\u00eda a no comprar este recurso durante la veda y denunciar su venta al 800 320 032. &nbsp; Entre las regiones de Coquimbo y Biob\u00edo &hellip;<\/p>\n","protected":false},"author":3,"featured_media":15604,"comment_status":"open","ping_status":"closed","sticky":false,"template":"","format":"standard","meta":{"footnotes":""},"categories":[2],"tags":[],"class_list":["post-15602","post","type-post","status-publish","format-standard","has-post-thumbnail","hentry","category-regionales"],"_links":{"self":[{"href":"https:\/\/www.elregional.cl\/index.php?rest_route=\/wp\/v2\/posts\/15602","targetHints":{"allow":["GET"]}}],"collection":[{"href":"https:\/\/www.elregional.cl\/index.php?rest_route=\/wp\/v2\/posts"}],"about":[{"href":"https:\/\/www.elregional.cl\/index.php?rest_route=\/wp\/v2\/types\/post"}],"author":[{"embeddable":true,"href":"https:\/\/www.elregional.cl\/index.php?rest_route=\/wp\/v2\/users\/3"}],"replies":[{"embeddable":true,"href":"https:\/\/www.elregional.cl\/index.php?rest_route=%2Fwp%2Fv2%2Fcomments&post=15602"}],"version-history":[{"count":1,"href":"https:\/\/www.elregional.cl\/index.php?rest_route=\/wp\/v2\/posts\/15602\/revisions"}],"predecessor-version":[{"id":15603,"href":"https:\/\/www.elregional.cl\/index.php?rest_route=\/wp\/v2\/posts\/15602\/revisions\/15603"}],"wp:featuredmedia":[{"embeddable":true,"href":"https:\/\/www.elregional.cl\/index.php?rest_route=\/wp\/v2\/media\/15604"}],"wp:attachment":[{"href":"https:\/\/www.elregional.cl\/index.php?rest_route=%2Fwp%2Fv2%2Fmedia&parent=15602"}],"wp:term":[{"taxonomy":"category","embeddable":true,"href":"https:\/\/www.elregional.cl\/index.php?rest_route=%2Fwp%2Fv2%2Fcategories&post=15602"},{"taxonomy":"post_tag","embeddable":true,"href":"https:\/\/www.elregional.cl\/index.php?rest_route=%2Fwp%2Fv2%2Ftags&post=15602"}],"curies":[{"name":"wp","href":"https:\/\/api.w.org\/{rel}","templated":true}]}}