{"id":15608,"date":"2026-09-03T09:28:25","date_gmt":"2026-09-03T13:28:25","guid":{"rendered":"https:\/\/www.elregional.cl\/?p=15608"},"modified":"2026-09-03T09:28:26","modified_gmt":"2026-09-03T13:28:26","slug":"presidente-nacional-del-cuerpo-de-bomberos-anuncia-apoyo-para-dos-companias-durante-visita-a-copiapo","status":"publish","type":"post","link":"https:\/\/www.elregional.cl\/?p=15608","title":{"rendered":"Presidente nacional del Cuerpo de Bomberos anuncia apoyo para dos compa\u00f1\u00edas durante visita a Copiap\u00f3"},"content":{"rendered":"<p>El presidente nacional del Cuerpo de Bomberos de Chile, Juan Carlos Field, visit\u00f3 Copiap\u00f3, donde conoci\u00f3 el trabajo que desarrollan los voluntarios de la capital regional y anunci\u00f3 aportes econ\u00f3micos destinados a dos de las siete compa\u00f1\u00edas de la comuna.<\/p>\n<p>Durante su visita, Field destac\u00f3 la gesti\u00f3n de la instituci\u00f3n a nivel local y valor\u00f3 el trabajo realizado por sus voluntarios. Adem\u00e1s, recorri\u00f3 la Quinta y S\u00e9ptima Compa\u00f1\u00eda, las dos unidades que a\u00fan no hab\u00eda conocido personalmente durante sus visitas anteriores a la regi\u00f3n.<\/p>\n<p>\u201cEs la tercera vez que estoy ac\u00e1 como presidente nacional. Quiero felicitar a sus autoridades y a su superintendente Alejandro por el buen manejo que tienen de la instituci\u00f3n\u201d, se\u00f1al\u00f3.<\/p>\n<p>El presidente nacional explic\u00f3 que ambas compa\u00f1\u00edas recibir\u00e1n apoyo por parte de la Junta Nacional de Bomberos, con recursos destinados a fortalecer sus capacidades operativas.<\/p>\n<p>La Quinta Compa\u00f1\u00eda, que pr\u00f3ximamente cumplir\u00e1 25 a\u00f1os de servicio, recibir\u00e1 financiamiento para el reemplazo de su carro bomba. Se trata de un veh\u00edculo con tracci\u00f3n 4&#215;4, que adem\u00e1s contar\u00e1 con un equipo de ventilaci\u00f3n y que se espera pueda estar operativo en el sector de Paipote durante noviembre.<\/p>\n<p>En tanto, la S\u00e9ptima Compa\u00f1\u00eda, la m\u00e1s joven de las unidades visitadas, recibir\u00e1 tres equipos de aire acondicionado, con el objetivo de mejorar sus condiciones de funcionamiento y apoyar la labor de sus voluntarios.<\/p>\n<p>Field destac\u00f3 el trabajo que desarrollan ambas compa\u00f1\u00edas y se\u00f1al\u00f3 que los aportes buscan contribuir a su consolidaci\u00f3n y fortalecer la respuesta que Bomberos entrega a la comunidad.<\/p>\n","protected":false},"excerpt":{"rendered":"<p>El presidente nacional del Cuerpo de Bomberos de Chile, Juan Carlos Field, visit\u00f3 Copiap\u00f3, donde conoci\u00f3 el trabajo que desarrollan los voluntarios de la capital regional y anunci\u00f3 aportes econ\u00f3micos destinados a dos de las siete compa\u00f1\u00edas de la comuna. Durante su visita, Field destac\u00f3 la gesti\u00f3n de la instituci\u00f3n a nivel local y valor\u00f3 &hellip;<\/p>\n","protected":false},"author":3,"featured_media":15610,"comment_status":"open","ping_status":"closed","sticky":false,"template":"","format":"standard","meta":{"footnotes":""},"categories":[16],"tags":[],"class_list":["post-15608","post","type-post","status-publish","format-standard","has-post-thumbnail","hentry","category-atacama"],"_links":{"self":[{"href":"https:\/\/www.elregional.cl\/index.php?rest_route=\/wp\/v2\/posts\/15608","targetHints":{"allow":["GET"]}}],"collection":[{"href":"https:\/\/www.elregional.cl\/index.php?rest_route=\/wp\/v2\/posts"}],"about":[{"href":"https:\/\/www.elregional.cl\/index.php?rest_route=\/wp\/v2\/types\/post"}],"author":[{"embeddable":true,"href":"https:\/\/www.elregional.cl\/index.php?rest_route=\/wp\/v2\/users\/3"}],"replies":[{"embeddable":true,"href":"https:\/\/www.elregional.cl\/index.php?rest_route=%2Fwp%2Fv2%2Fcomments&post=15608"}],"version-history":[{"count":1,"href":"https:\/\/www.elregional.cl\/index.php?rest_route=\/wp\/v2\/posts\/15608\/revisions"}],"predecessor-version":[{"id":15609,"href":"https:\/\/www.elregional.cl\/index.php?rest_route=\/wp\/v2\/posts\/15608\/revisions\/15609"}],"wp:featuredmedia":[{"embeddable":true,"href":"https:\/\/www.elregional.cl\/index.php?rest_route=\/wp\/v2\/media\/15610"}],"wp:attachment":[{"href":"https:\/\/www.elregional.cl\/index.php?rest_route=%2Fwp%2Fv2%2Fmedia&parent=15608"}],"wp:term":[{"taxonomy":"category","embeddable":true,"href":"https:\/\/www.elregional.cl\/index.php?rest_route=%2Fwp%2Fv2%2Fcategories&post=15608"},{"taxonomy":"post_tag","embeddable":true,"href":"https:\/\/www.elregional.cl\/index.php?rest_route=%2Fwp%2Fv2%2Ftags&post=15608"}],"curies":[{"name":"wp","href":"https:\/\/api.w.org\/{rel}","templated":true}]}}