{"id":1563,"date":"2024-10-07T00:35:57","date_gmt":"2024-10-07T00:35:57","guid":{"rendered":"https:\/\/www.elregional.cl\/?p=1563"},"modified":"2024-10-07T00:35:57","modified_gmt":"2024-10-07T00:35:57","slug":"niveles-de-agua-de-embalses-de-la-region-de-coquimbo-vuelven-a-preocupar","status":"publish","type":"post","link":"https:\/\/www.elregional.cl\/?p=1563","title":{"rendered":"Niveles de agua de embalses de la regi\u00f3n de Coquimbo vuelven a preocupar."},"content":{"rendered":"<h2>As\u00ed est\u00e1 el nivel de embalses de Coquimbo<\/h2>\n<p>Seg\u00fan los datos de<strong>\u00a0Aguas del Valle<\/strong>, en el \u00faltimo mes<strong>\u00a0Puclaro<\/strong>\u00a0mantiene su promedio de agua embalsada,\u00a0<strong>La Paloma<\/strong>\u00a0tuvo un aumento del 1% y\u00a0<strong>El Bato<\/strong>\u00a0un 3%.<\/p>\n<div class=\"slots-on-paragraph\">\n<div class=\"section-dfp right\">\n<div class=\"box\">\n<div class=\"right\">\n<div id=\"slot_right_67032b9ddba72\" class=\"slotAds\"><\/div>\n<\/div>\n<\/div>\n<\/div>\n<\/div>\n<p>Esta es la cantidad de agua que almacenan actualmente, medida en metros c\u00fabicos:<\/p>\n<ul>\n<li><strong>Puclaro:<\/strong>\u00a032,2 millones (15% de su capacidad m\u00e1xima).<\/li>\n<li><strong>La Paloma:<\/strong>\u00a066,1 millones (19% de su capacidad m\u00e1xima).<\/li>\n<li><strong>El Bato:<\/strong>\u00a016,1 millones (63% de su capacidad m\u00e1xima).<\/li>\n<\/ul>\n","protected":false},"excerpt":{"rendered":"<p>As\u00ed est\u00e1 el nivel de embalses de Coquimbo Seg\u00fan los datos de\u00a0Aguas del Valle, en el \u00faltimo mes\u00a0Puclaro\u00a0mantiene su promedio de agua embalsada,\u00a0La Paloma\u00a0tuvo un aumento del 1% y\u00a0El Bato\u00a0un 3%. Esta es la cantidad de agua que almacenan actualmente, medida en metros c\u00fabicos: Puclaro:\u00a032,2 millones (15% de su capacidad m\u00e1xima). La Paloma:\u00a066,1 millones (19% &hellip;<\/p>\n","protected":false},"author":2,"featured_media":0,"comment_status":"closed","ping_status":"closed","sticky":false,"template":"","format":"standard","meta":{"footnotes":""},"categories":[3],"tags":[],"class_list":["post-1563","post","type-post","status-publish","format-standard","hentry","category-pais"],"_links":{"self":[{"href":"https:\/\/www.elregional.cl\/index.php?rest_route=\/wp\/v2\/posts\/1563","targetHints":{"allow":["GET"]}}],"collection":[{"href":"https:\/\/www.elregional.cl\/index.php?rest_route=\/wp\/v2\/posts"}],"about":[{"href":"https:\/\/www.elregional.cl\/index.php?rest_route=\/wp\/v2\/types\/post"}],"author":[{"embeddable":true,"href":"https:\/\/www.elregional.cl\/index.php?rest_route=\/wp\/v2\/users\/2"}],"replies":[{"embeddable":true,"href":"https:\/\/www.elregional.cl\/index.php?rest_route=%2Fwp%2Fv2%2Fcomments&post=1563"}],"version-history":[{"count":1,"href":"https:\/\/www.elregional.cl\/index.php?rest_route=\/wp\/v2\/posts\/1563\/revisions"}],"predecessor-version":[{"id":1565,"href":"https:\/\/www.elregional.cl\/index.php?rest_route=\/wp\/v2\/posts\/1563\/revisions\/1565"}],"wp:attachment":[{"href":"https:\/\/www.elregional.cl\/index.php?rest_route=%2Fwp%2Fv2%2Fmedia&parent=1563"}],"wp:term":[{"taxonomy":"category","embeddable":true,"href":"https:\/\/www.elregional.cl\/index.php?rest_route=%2Fwp%2Fv2%2Fcategories&post=1563"},{"taxonomy":"post_tag","embeddable":true,"href":"https:\/\/www.elregional.cl\/index.php?rest_route=%2Fwp%2Fv2%2Ftags&post=1563"}],"curies":[{"name":"wp","href":"https:\/\/api.w.org\/{rel}","templated":true}]}}