{"id":15632,"date":"2026-09-03T09:54:38","date_gmt":"2026-09-03T13:54:38","guid":{"rendered":"https:\/\/www.elregional.cl\/?p=15632"},"modified":"2026-09-03T09:54:39","modified_gmt":"2026-09-03T13:54:39","slug":"fin-de-los-multifondos-afiliados-seran-traspasados-automaticamente-en-abril-de-2027","status":"publish","type":"post","link":"https:\/\/www.elregional.cl\/?p=15632","title":{"rendered":"Fin de los multifondos: Afiliados ser\u00e1n traspasados autom\u00e1ticamente en abril de 2027"},"content":{"rendered":"<p>Los afiliados al sistema de AFP no tendr\u00e1n que realizar ning\u00fan tr\u00e1mite cuando comience el proceso de reemplazo de los actuales multifondos por el nuevo esquema de fondos generacionales, cambio que entrar\u00e1 en vigencia en abril de 2027.<\/p>\n<p>El presidente del Consejo Consultivo Previsional, Pedro Pizarro, explic\u00f3 que cada persona ser\u00e1 incorporada de manera autom\u00e1tica a uno de los 10 fondos establecidos, de acuerdo con su edad.<\/p>\n<p>Seg\u00fan detall\u00f3, ser\u00e1n las propias administradoras las encargadas de generar las distintas cohortes y asignar a cada afiliado al fondo que corresponda. Las personas ser\u00e1n informadas de este proceso, pero no deber\u00e1n realizar gestiones para concretar el cambio.<\/p>\n<p>El nuevo sistema reemplazar\u00e1 los actuales fondos A, B, C, D y E, entre los cuales los afiliados pueden actualmente escoger y trasladar sus ahorros obligatorios.<\/p>\n<p>Los fondos generacionales tendr\u00e1n una estrategia de inversi\u00f3n que ir\u00e1 cambiando a medida que avance la edad de cada afiliado. En el caso de los trabajadores m\u00e1s j\u00f3venes, los recursos tendr\u00e1n una mayor exposici\u00f3n a inversiones de largo plazo y con mayor nivel de volatilidad.<\/p>\n<p>A medida que las personas se acerquen a la edad de jubilaci\u00f3n, la composici\u00f3n de las inversiones se ir\u00e1 orientando hacia alternativas de menor riesgo. El objetivo es reducir el impacto que podr\u00eda generar una ca\u00edda de los mercados cuando falte poco tiempo para pensionarse.<\/p>\n<p>El nuevo r\u00e9gimen contempla 10 fondos generacionales organizados por tramos de edad. Uno de ellos estar\u00e1 destinado a pensionados y personas de 75 a\u00f1os o m\u00e1s. Tambi\u00e9n ser\u00e1n incorporados a este \u00faltimo fondo quienes actualmente reciben una pensi\u00f3n bajo la modalidad de retiro programado.<\/p>\n<p>La modificaci\u00f3n no afectar\u00e1 de la misma manera al Ahorro Previsional Voluntario, APV, ni a la Cuenta 2. En ambos casos, los afiliados mantendr\u00e1n la posibilidad de escoger libremente el fondo generacional en el que desean mantener sus recursos.<\/p>\n<p>Pizarro explic\u00f3 que una persona podr\u00e1, por ejemplo, tener 50 a\u00f1os y optar voluntariamente por invertir sus ahorros del APV en un fondo asociado a personas m\u00e1s j\u00f3venes, debido a que se trata de recursos de libre elecci\u00f3n.<\/p>\n<p>El presidente del Consejo Consultivo Previsional se\u00f1al\u00f3 que el nuevo esquema busca evitar que los afiliados mantengan sus ahorros obligatorios en niveles de riesgo que no sean adecuados para su edad, lo que podr\u00eda afectar la rentabilidad y, finalmente, el monto de la pensi\u00f3n.<\/p>\n<p>Sin embargo, plante\u00f3 que el funcionamiento del nuevo sistema deber\u00e1 ser evaluado una vez que entre en vigencia, mediante un seguimiento de sus resultados y del cumplimiento de los objetivos establecidos con la reforma.<\/p>\n","protected":false},"excerpt":{"rendered":"<p>Los afiliados al sistema de AFP no tendr\u00e1n que realizar ning\u00fan tr\u00e1mite cuando comience el proceso de reemplazo de los actuales multifondos por el nuevo esquema de fondos generacionales, cambio que entrar\u00e1 en vigencia en abril de 2027. El presidente del Consejo Consultivo Previsional, Pedro Pizarro, explic\u00f3 que cada persona ser\u00e1 incorporada de manera autom\u00e1tica &hellip;<\/p>\n","protected":false},"author":3,"featured_media":15634,"comment_status":"open","ping_status":"closed","sticky":false,"template":"","format":"standard","meta":{"footnotes":""},"categories":[3],"tags":[],"class_list":["post-15632","post","type-post","status-publish","format-standard","has-post-thumbnail","hentry","category-pais"],"_links":{"self":[{"href":"https:\/\/www.elregional.cl\/index.php?rest_route=\/wp\/v2\/posts\/15632","targetHints":{"allow":["GET"]}}],"collection":[{"href":"https:\/\/www.elregional.cl\/index.php?rest_route=\/wp\/v2\/posts"}],"about":[{"href":"https:\/\/www.elregional.cl\/index.php?rest_route=\/wp\/v2\/types\/post"}],"author":[{"embeddable":true,"href":"https:\/\/www.elregional.cl\/index.php?rest_route=\/wp\/v2\/users\/3"}],"replies":[{"embeddable":true,"href":"https:\/\/www.elregional.cl\/index.php?rest_route=%2Fwp%2Fv2%2Fcomments&post=15632"}],"version-history":[{"count":1,"href":"https:\/\/www.elregional.cl\/index.php?rest_route=\/wp\/v2\/posts\/15632\/revisions"}],"predecessor-version":[{"id":15633,"href":"https:\/\/www.elregional.cl\/index.php?rest_route=\/wp\/v2\/posts\/15632\/revisions\/15633"}],"wp:featuredmedia":[{"embeddable":true,"href":"https:\/\/www.elregional.cl\/index.php?rest_route=\/wp\/v2\/media\/15634"}],"wp:attachment":[{"href":"https:\/\/www.elregional.cl\/index.php?rest_route=%2Fwp%2Fv2%2Fmedia&parent=15632"}],"wp:term":[{"taxonomy":"category","embeddable":true,"href":"https:\/\/www.elregional.cl\/index.php?rest_route=%2Fwp%2Fv2%2Fcategories&post=15632"},{"taxonomy":"post_tag","embeddable":true,"href":"https:\/\/www.elregional.cl\/index.php?rest_route=%2Fwp%2Fv2%2Ftags&post=15632"}],"curies":[{"name":"wp","href":"https:\/\/api.w.org\/{rel}","templated":true}]}}