{"id":15639,"date":"2026-09-03T12:11:48","date_gmt":"2026-09-03T16:11:48","guid":{"rendered":"https:\/\/www.elregional.cl\/?p=15639"},"modified":"2026-09-03T12:11:50","modified_gmt":"2026-09-03T16:11:50","slug":"sismo-de-magnitud-63-sacude-las-costas-de-alaska-y-deja-una-serie-de-replicas","status":"publish","type":"post","link":"https:\/\/www.elregional.cl\/?p=15639","title":{"rendered":"Sismo de magnitud 6,3 sacude las costas de Alaska y deja una serie de r\u00e9plicas"},"content":{"rendered":"<h1><\/h1>\n<p>Un terremoto de magnitud 6,3 sacudi\u00f3 este jueves las costas de Alaska, en el noroeste de Estados Unidos, sin que hasta ahora se hayan reportado v\u00edctimas ni da\u00f1os materiales producto del movimiento.<\/p>\n<p>Seg\u00fan informaci\u00f3n del Servicio Geol\u00f3gico de Estados Unidos (USGS), el epicentro se ubic\u00f3 a unos 84 kil\u00f3metros al suroeste de Nikolski, mientras que la profundidad del sismo fue estimada en aproximadamente 35 kil\u00f3metros.<\/p>\n<p>El Centro de Terremotos de Alaska inform\u00f3 que, tras el movimiento principal, se han registrado cerca de una decena de r\u00e9plicas, entre ellas al menos tres con magnitudes superiores a 4.<\/p>\n<p>En tanto, el Centro de Tsunamis del Pac\u00edfico no ha emitido alertas a ra\u00edz del terremoto.<\/p>\n<p>El movimiento registrado en Alaska se suma a una serie de sismos de importante magnitud ocurridos durante este a\u00f1o en el continente americano. El m\u00e1s reciente tuvo lugar en Ayacucho, Per\u00fa, donde un terremoto de magnitud 7,2 afect\u00f3 a distintas zonas del pa\u00eds.<\/p>\n<p>Previamente, a mediados de agosto, un sismo de magnitud 7,4 provoc\u00f3 graves consecuencias en Colombia, mientras que en julio otro movimiento de magnitud 7,3 afect\u00f3 al estado de Chiapas, en M\u00e9xico.<\/p>\n<p>Sin embargo, uno de los eventos m\u00e1s destructivos del a\u00f1o ocurri\u00f3 el 24 de junio en Venezuela, donde se registraron dos terremotos, de magnitudes 7,5 y 7,2. El desastre dej\u00f3 m\u00e1s de 6.000 personas fallecidas.<\/p>\n","protected":false},"excerpt":{"rendered":"<p>Un terremoto de magnitud 6,3 sacudi\u00f3 este jueves las costas de Alaska, en el noroeste de Estados Unidos, sin que hasta ahora se hayan reportado v\u00edctimas ni da\u00f1os materiales producto del movimiento. Seg\u00fan informaci\u00f3n del Servicio Geol\u00f3gico de Estados Unidos (USGS), el epicentro se ubic\u00f3 a unos 84 kil\u00f3metros al suroeste de Nikolski, mientras que &hellip;<\/p>\n","protected":false},"author":3,"featured_media":15641,"comment_status":"open","ping_status":"closed","sticky":false,"template":"","format":"standard","meta":{"footnotes":""},"categories":[4],"tags":[],"class_list":["post-15639","post","type-post","status-publish","format-standard","has-post-thumbnail","hentry","category-internacional"],"_links":{"self":[{"href":"https:\/\/www.elregional.cl\/index.php?rest_route=\/wp\/v2\/posts\/15639","targetHints":{"allow":["GET"]}}],"collection":[{"href":"https:\/\/www.elregional.cl\/index.php?rest_route=\/wp\/v2\/posts"}],"about":[{"href":"https:\/\/www.elregional.cl\/index.php?rest_route=\/wp\/v2\/types\/post"}],"author":[{"embeddable":true,"href":"https:\/\/www.elregional.cl\/index.php?rest_route=\/wp\/v2\/users\/3"}],"replies":[{"embeddable":true,"href":"https:\/\/www.elregional.cl\/index.php?rest_route=%2Fwp%2Fv2%2Fcomments&post=15639"}],"version-history":[{"count":1,"href":"https:\/\/www.elregional.cl\/index.php?rest_route=\/wp\/v2\/posts\/15639\/revisions"}],"predecessor-version":[{"id":15640,"href":"https:\/\/www.elregional.cl\/index.php?rest_route=\/wp\/v2\/posts\/15639\/revisions\/15640"}],"wp:featuredmedia":[{"embeddable":true,"href":"https:\/\/www.elregional.cl\/index.php?rest_route=\/wp\/v2\/media\/15641"}],"wp:attachment":[{"href":"https:\/\/www.elregional.cl\/index.php?rest_route=%2Fwp%2Fv2%2Fmedia&parent=15639"}],"wp:term":[{"taxonomy":"category","embeddable":true,"href":"https:\/\/www.elregional.cl\/index.php?rest_route=%2Fwp%2Fv2%2Fcategories&post=15639"},{"taxonomy":"post_tag","embeddable":true,"href":"https:\/\/www.elregional.cl\/index.php?rest_route=%2Fwp%2Fv2%2Ftags&post=15639"}],"curies":[{"name":"wp","href":"https:\/\/api.w.org\/{rel}","templated":true}]}}