{"id":15645,"date":"2026-09-03T13:56:08","date_gmt":"2026-09-03T17:56:08","guid":{"rendered":"https:\/\/www.elregional.cl\/?p=15645"},"modified":"2026-09-03T13:56:09","modified_gmt":"2026-09-03T17:56:09","slug":"white-se-reunio-con-kast-y-afirmo-que-frente-al-crimen-organizado-no-vamos-a-retroceder","status":"publish","type":"post","link":"https:\/\/www.elregional.cl\/?p=15645","title":{"rendered":"White se reuni\u00f3 con Kast y afirm\u00f3 que frente al crimen organizado \u00abno vamos a retroceder\u00bb"},"content":{"rendered":"<h1 data-pm-slice=\"1 1 []\"><\/h1>\n<p>El Presidente Jos\u00e9 Antonio Kast lleg\u00f3 este jueves hasta la Municipalidad de San Bernardo, donde sostuvo una reuni\u00f3n con el alcalde Christopher White, luego de conocerse la planificaci\u00f3n de un atentado en contra del jefe comunal por parte de grupos delictuales.<\/p>\n<p>El encuentro se extendi\u00f3 por cerca de media hora y termin\u00f3 con un llamado conjunto a fortalecer la coordinaci\u00f3n institucional para enfrentar el avance del crimen organizado en la Regi\u00f3n Metropolitana.<\/p>\n<p>Tras la reuni\u00f3n, ambas autoridades destacaron la necesidad de dejar en segundo plano las diferencias pol\u00edticas cuando se trata de abordar los problemas de seguridad que afectan a los vecinos.<\/p>\n<p>El alcalde Christopher White valor\u00f3 la visita del Presidente y sostuvo que la respuesta frente a las amenazas de organizaciones criminales debe estar marcada por la firmeza institucional.<\/p>\n<p>\u201cPara nosotros han sido d\u00edas dif\u00edciles. He pedido una conversaci\u00f3n personal con el Presidente, en la que hemos planteado las visiones que podemos tener de sociedad, las problem\u00e1ticas que se viven d\u00eda a d\u00eda. Y saliendo de esa puerta, tenemos un objetivo com\u00fan: perseguir y decirle al crimen organizado que ellos son el verdadero enemigo\u201d, se\u00f1al\u00f3.<\/p>\n<p>White reconoci\u00f3 que, tras la amenaza en su contra, deber\u00e1n adoptarse nuevas medidas de seguridad, pero asegur\u00f3 que esto no significar\u00e1 abandonar sus funciones ni esconderse frente a las intimidaciones.<\/p>\n<p>En ese sentido, agradeci\u00f3 la presencia del Mandatario y sostuvo que su respaldo representa tambi\u00e9n un apoyo para los vecinos, funcionarios y la comunidad de San Bernardo.<\/p>\n<p>Por su parte, el Presidente Jos\u00e9 Antonio Kast afirm\u00f3 que \u201cnadie merece vivir con miedo\u201d y advirti\u00f3 a las organizaciones criminales que \u201cesta batalla no la van a ganar\u201d.<\/p>\n<p>Pese a la planificaci\u00f3n conocida en su contra, el alcalde White dio se\u00f1ales de que mantendr\u00e1 las actividades p\u00fablicas contempladas para las celebraciones de Fiestas Patrias en San Bernardo.<\/p>\n<p>Paralelamente, las autoridades confirmaron el reforzamiento de las medidas de protecci\u00f3n y de los dispositivos de seguridad destinados al alcalde y a su grupo familiar directo.<\/p>\n","protected":false},"excerpt":{"rendered":"<p>El Presidente Jos\u00e9 Antonio Kast lleg\u00f3 este jueves hasta la Municipalidad de San Bernardo, donde sostuvo una reuni\u00f3n con el alcalde Christopher White, luego de conocerse la planificaci\u00f3n de un atentado en contra del jefe comunal por parte de grupos delictuales. El encuentro se extendi\u00f3 por cerca de media hora y termin\u00f3 con un llamado &hellip;<\/p>\n","protected":false},"author":3,"featured_media":15647,"comment_status":"open","ping_status":"closed","sticky":false,"template":"","format":"standard","meta":{"footnotes":""},"categories":[3],"tags":[],"class_list":["post-15645","post","type-post","status-publish","format-standard","has-post-thumbnail","hentry","category-pais"],"_links":{"self":[{"href":"https:\/\/www.elregional.cl\/index.php?rest_route=\/wp\/v2\/posts\/15645","targetHints":{"allow":["GET"]}}],"collection":[{"href":"https:\/\/www.elregional.cl\/index.php?rest_route=\/wp\/v2\/posts"}],"about":[{"href":"https:\/\/www.elregional.cl\/index.php?rest_route=\/wp\/v2\/types\/post"}],"author":[{"embeddable":true,"href":"https:\/\/www.elregional.cl\/index.php?rest_route=\/wp\/v2\/users\/3"}],"replies":[{"embeddable":true,"href":"https:\/\/www.elregional.cl\/index.php?rest_route=%2Fwp%2Fv2%2Fcomments&post=15645"}],"version-history":[{"count":1,"href":"https:\/\/www.elregional.cl\/index.php?rest_route=\/wp\/v2\/posts\/15645\/revisions"}],"predecessor-version":[{"id":15646,"href":"https:\/\/www.elregional.cl\/index.php?rest_route=\/wp\/v2\/posts\/15645\/revisions\/15646"}],"wp:featuredmedia":[{"embeddable":true,"href":"https:\/\/www.elregional.cl\/index.php?rest_route=\/wp\/v2\/media\/15647"}],"wp:attachment":[{"href":"https:\/\/www.elregional.cl\/index.php?rest_route=%2Fwp%2Fv2%2Fmedia&parent=15645"}],"wp:term":[{"taxonomy":"category","embeddable":true,"href":"https:\/\/www.elregional.cl\/index.php?rest_route=%2Fwp%2Fv2%2Fcategories&post=15645"},{"taxonomy":"post_tag","embeddable":true,"href":"https:\/\/www.elregional.cl\/index.php?rest_route=%2Fwp%2Fv2%2Ftags&post=15645"}],"curies":[{"name":"wp","href":"https:\/\/api.w.org\/{rel}","templated":true}]}}