{"id":15648,"date":"2026-09-03T15:57:15","date_gmt":"2026-09-03T19:57:15","guid":{"rendered":"https:\/\/www.elregional.cl\/?p=15648"},"modified":"2026-09-03T15:57:16","modified_gmt":"2026-09-03T19:57:16","slug":"milei-cuestiona-el-estallido-social-y-reivindica-el-modelo-chileno-en-foro-madrid","status":"publish","type":"post","link":"https:\/\/www.elregional.cl\/?p=15648","title":{"rendered":"Milei cuestiona el estallido social y reivindica el modelo chileno en Foro Madrid"},"content":{"rendered":"<h1><\/h1>\n<p>El Presidente de Argentina, Javier Milei, destac\u00f3 este jueves los resultados econ\u00f3micos que, a su juicio, alcanz\u00f3 Chile durante las \u00faltimas d\u00e9cadas, pero cuestion\u00f3 que sus defensores hayan descuidado lo que denomin\u00f3 la \u201cbatalla de las ideas\u201d, situaci\u00f3n que, seg\u00fan plante\u00f3, termin\u00f3 favoreciendo el estallido social de 2019.<\/p>\n<p>Durante su discurso inaugural en el Foro Madrid, realizado en el Centro de Eventos San Carlos de Apoquindo, el mandatario argentino sostuvo que Chile constituye un ejemplo del valor que tendr\u00eda disputar el terreno cultural y pol\u00edtico.<\/p>\n<p>Milei afirm\u00f3 que, tras el derrocamiento de Salvador Allende, Chile ingres\u00f3 en un per\u00edodo de estabilidad y crecimiento que se habr\u00eda extendido por m\u00e1s de cuatro d\u00e9cadas, calificando al pa\u00eds como un referente econ\u00f3mico para Am\u00e9rica Latina.<\/p>\n<p>En su intervenci\u00f3n, adem\u00e1s, asegur\u00f3 que Chile posteriormente \u201ccay\u00f3 en la farsa del socialismo del siglo XXI\u201d y sostuvo, sin precisar fuentes ni indicadores, que la desigualdad del pa\u00eds ser\u00eda menor que la de las denominadas \u201cutop\u00edas socialistas\u201d.<\/p>\n<p>El mandatario tambi\u00e9n afirm\u00f3 que las personas de menores ingresos en Chile tendr\u00edan mejores condiciones de vida que en cualquier otro pa\u00eds de la regi\u00f3n, aunque no entreg\u00f3 antecedentes estad\u00edsticos para respaldar dicha comparaci\u00f3n.<\/p>\n<p>En otro punto de su discurso, Milei atribuy\u00f3 el estallido social de 2019 a un supuesto abandono de la \u201cbatalla de las ideas\u201d. Seg\u00fan sostuvo, las ideas vinculadas a la libertad habr\u00edan demostrado sus resultados en la pr\u00e1ctica, pero fueron cuestionadas durante a\u00f1os desde sectores de los medios de comunicaci\u00f3n y las universidades.<\/p>\n<p>El Presidente argentino calific\u00f3 las movilizaciones como una \u201cola de violencia izquierdista sin precedentes\u201d y asegur\u00f3 que dejaron decenas de personas fallecidas entre 2019 y 2020.<\/p>\n<p>Sin embargo, los antecedentes oficiales citados sobre ese per\u00edodo no atribuyen las muertes a una \u00fanica causa ni a un solo sector pol\u00edtico. En diciembre de 2019, la Oficina del Alto Comisionado de Naciones Unidas para los Derechos Humanos inform\u00f3 que la Fiscal\u00eda investigaba 26 muertes ocurridas durante las protestas.<\/p>\n<p>Posteriormente, el Instituto Nacional de Derechos Humanos estableci\u00f3 que siete personas fallecieron como consecuencia de acciones de agentes del Estado en el contexto del estallido social.<\/p>\n<p>Asimismo, la afirmaci\u00f3n de Milei sobre el origen pol\u00edtico de Salvador Allende tambi\u00e9n contiene una imprecisi\u00f3n hist\u00f3rica. Allende fue militante y fundador del Partido Socialista y lleg\u00f3 a la Presidencia de Chile en 1970 tras ser elegido democr\u00e1ticamente.<\/p>\n<p>El per\u00edodo de m\u00e1s de 40 a\u00f1os al que hizo referencia el mandatario argentino incluye, adem\u00e1s, los 17 a\u00f1os de la dictadura c\u00edvico-militar, entre 1973 y 1990, etapa marcada por la disoluci\u00f3n del Congreso, la proscripci\u00f3n de partidos pol\u00edticos, restricciones a las libertades p\u00fablicas y graves violaciones a los derechos humanos.<\/p>\n","protected":false},"excerpt":{"rendered":"<p>El Presidente de Argentina, Javier Milei, destac\u00f3 este jueves los resultados econ\u00f3micos que, a su juicio, alcanz\u00f3 Chile durante las \u00faltimas d\u00e9cadas, pero cuestion\u00f3 que sus defensores hayan descuidado lo que denomin\u00f3 la \u201cbatalla de las ideas\u201d, situaci\u00f3n que, seg\u00fan plante\u00f3, termin\u00f3 favoreciendo el estallido social de 2019. Durante su discurso inaugural en el Foro &hellip;<\/p>\n","protected":false},"author":3,"featured_media":15650,"comment_status":"open","ping_status":"closed","sticky":false,"template":"","format":"standard","meta":{"footnotes":""},"categories":[3],"tags":[],"class_list":["post-15648","post","type-post","status-publish","format-standard","has-post-thumbnail","hentry","category-pais"],"_links":{"self":[{"href":"https:\/\/www.elregional.cl\/index.php?rest_route=\/wp\/v2\/posts\/15648","targetHints":{"allow":["GET"]}}],"collection":[{"href":"https:\/\/www.elregional.cl\/index.php?rest_route=\/wp\/v2\/posts"}],"about":[{"href":"https:\/\/www.elregional.cl\/index.php?rest_route=\/wp\/v2\/types\/post"}],"author":[{"embeddable":true,"href":"https:\/\/www.elregional.cl\/index.php?rest_route=\/wp\/v2\/users\/3"}],"replies":[{"embeddable":true,"href":"https:\/\/www.elregional.cl\/index.php?rest_route=%2Fwp%2Fv2%2Fcomments&post=15648"}],"version-history":[{"count":1,"href":"https:\/\/www.elregional.cl\/index.php?rest_route=\/wp\/v2\/posts\/15648\/revisions"}],"predecessor-version":[{"id":15649,"href":"https:\/\/www.elregional.cl\/index.php?rest_route=\/wp\/v2\/posts\/15648\/revisions\/15649"}],"wp:featuredmedia":[{"embeddable":true,"href":"https:\/\/www.elregional.cl\/index.php?rest_route=\/wp\/v2\/media\/15650"}],"wp:attachment":[{"href":"https:\/\/www.elregional.cl\/index.php?rest_route=%2Fwp%2Fv2%2Fmedia&parent=15648"}],"wp:term":[{"taxonomy":"category","embeddable":true,"href":"https:\/\/www.elregional.cl\/index.php?rest_route=%2Fwp%2Fv2%2Fcategories&post=15648"},{"taxonomy":"post_tag","embeddable":true,"href":"https:\/\/www.elregional.cl\/index.php?rest_route=%2Fwp%2Fv2%2Ftags&post=15648"}],"curies":[{"name":"wp","href":"https:\/\/api.w.org\/{rel}","templated":true}]}}