{"id":15651,"date":"2026-09-03T15:58:24","date_gmt":"2026-09-03T19:58:24","guid":{"rendered":"https:\/\/www.elregional.cl\/?p=15651"},"modified":"2026-09-03T15:58:25","modified_gmt":"2026-09-03T19:58:25","slug":"mercado-anticipa-mayor-inflacion-y-mantiene-la-tasa-en-45","status":"publish","type":"post","link":"https:\/\/www.elregional.cl\/?p=15651","title":{"rendered":"Mercado anticipa mayor inflaci\u00f3n y mantiene la tasa en 4,5%"},"content":{"rendered":"<h1><\/h1>\n<p>La \u00faltima Encuesta de Operadores Financieros del Banco Central proyecta un aumento de 0,3% en el \u00cdndice de Precios al Consumidor correspondiente a agosto, lo que podr\u00eda elevar la inflaci\u00f3n acumulada y reforzar las expectativas de que la tasa de inter\u00e9s se mantenga sin cambios.<\/p>\n<p>El resultado oficial del IPC ser\u00e1 dado a conocer este martes y se incorporar\u00e1 al escenario econ\u00f3mico marcado recientemente por el aumento del desempleo y la ca\u00edda de la actividad registrada en julio.<\/p>\n<p>Seg\u00fan el sondeo del instituto emisor, la variaci\u00f3n de 0,3% prevista para agosto supera los registros de los tres meses anteriores. Adem\u00e1s, contrasta con el 0% registrado en agosto de 2025, generando un efecto de base que contribuir\u00e1 a elevar la inflaci\u00f3n acumulada en 12 meses.<\/p>\n<p>Las proyecciones tambi\u00e9n anticipan una mayor presi\u00f3n sobre el costo de vida durante los pr\u00f3ximos meses. Para septiembre, los operadores esperan un incremento de 0,6% en el IPC, mientras que para octubre estiman una variaci\u00f3n de 0,3%. Ambas cifras se ubican por sobre los registros correspondientes de 2025.<\/p>\n<p>En paralelo, el Consejo del Banco Central se prepara para una nueva Reuni\u00f3n de Pol\u00edtica Monetaria durante la pr\u00f3xima semana, instancia en la que deber\u00e1 evaluar la evoluci\u00f3n de los precios y las condiciones econ\u00f3micas del pa\u00eds.<\/p>\n<p>Los operadores financieros consultados anticipan de manera un\u00e1nime que la Tasa de Pol\u00edtica Monetaria continuar\u00e1 en 4,5%, su nivel actual.<\/p>\n<p>El sondeo proyecta adem\u00e1s que la tasa permanecer\u00e1 en ese nivel durante un per\u00edodo prolongado, al menos hasta septiembre de 2028, de acuerdo con las expectativas recogidas por el Banco Central.<\/p>\n","protected":false},"excerpt":{"rendered":"<p>La \u00faltima Encuesta de Operadores Financieros del Banco Central proyecta un aumento de 0,3% en el \u00cdndice de Precios al Consumidor correspondiente a agosto, lo que podr\u00eda elevar la inflaci\u00f3n acumulada y reforzar las expectativas de que la tasa de inter\u00e9s se mantenga sin cambios. El resultado oficial del IPC ser\u00e1 dado a conocer este &hellip;<\/p>\n","protected":false},"author":3,"featured_media":15653,"comment_status":"open","ping_status":"closed","sticky":false,"template":"","format":"standard","meta":{"footnotes":""},"categories":[3],"tags":[],"class_list":["post-15651","post","type-post","status-publish","format-standard","has-post-thumbnail","hentry","category-pais"],"_links":{"self":[{"href":"https:\/\/www.elregional.cl\/index.php?rest_route=\/wp\/v2\/posts\/15651","targetHints":{"allow":["GET"]}}],"collection":[{"href":"https:\/\/www.elregional.cl\/index.php?rest_route=\/wp\/v2\/posts"}],"about":[{"href":"https:\/\/www.elregional.cl\/index.php?rest_route=\/wp\/v2\/types\/post"}],"author":[{"embeddable":true,"href":"https:\/\/www.elregional.cl\/index.php?rest_route=\/wp\/v2\/users\/3"}],"replies":[{"embeddable":true,"href":"https:\/\/www.elregional.cl\/index.php?rest_route=%2Fwp%2Fv2%2Fcomments&post=15651"}],"version-history":[{"count":1,"href":"https:\/\/www.elregional.cl\/index.php?rest_route=\/wp\/v2\/posts\/15651\/revisions"}],"predecessor-version":[{"id":15652,"href":"https:\/\/www.elregional.cl\/index.php?rest_route=\/wp\/v2\/posts\/15651\/revisions\/15652"}],"wp:featuredmedia":[{"embeddable":true,"href":"https:\/\/www.elregional.cl\/index.php?rest_route=\/wp\/v2\/media\/15653"}],"wp:attachment":[{"href":"https:\/\/www.elregional.cl\/index.php?rest_route=%2Fwp%2Fv2%2Fmedia&parent=15651"}],"wp:term":[{"taxonomy":"category","embeddable":true,"href":"https:\/\/www.elregional.cl\/index.php?rest_route=%2Fwp%2Fv2%2Fcategories&post=15651"},{"taxonomy":"post_tag","embeddable":true,"href":"https:\/\/www.elregional.cl\/index.php?rest_route=%2Fwp%2Fv2%2Ftags&post=15651"}],"curies":[{"name":"wp","href":"https:\/\/api.w.org\/{rel}","templated":true}]}}