{"id":15660,"date":"2026-09-03T16:58:49","date_gmt":"2026-09-03T20:58:49","guid":{"rendered":"https:\/\/www.elregional.cl\/?p=15660"},"modified":"2026-09-03T16:58:50","modified_gmt":"2026-09-03T20:58:50","slug":"la-pampilla-de-coquimbo-2026-prepara-una-edicion-solidaria-que-llegara-a-todo-chile","status":"publish","type":"post","link":"https:\/\/www.elregional.cl\/?p=15660","title":{"rendered":"La Pampilla de Coquimbo 2026 prepara una edici\u00f3n solidaria que llegar\u00e1 a todo Chile"},"content":{"rendered":"<h1 data-pm-slice=\"1 1 []\"><\/h1>\n<p>La Pampilla de Coquimbo se prepara para una nueva edici\u00f3n que, adem\u00e1s de reunir a miles de personas durante las Fiestas Patrias, tendr\u00e1 este a\u00f1o un marcado componente solidario y una in\u00e9dita cobertura televisiva a nivel nacional.<\/p>\n<p>La tradicional celebraci\u00f3n ser\u00e1 transmitida por primera vez a trav\u00e9s de Mega durante los d\u00edas 18, 19 y 20 de septiembre, con una cobertura que incluir\u00e1 el escenario principal, backstage, entrevistas, notas en terreno y otros contenidos relacionados con la fiesta coquimbana.<\/p>\n<p>El alcalde de Coquimbo, Ali Manouchehri, destac\u00f3 que esta versi\u00f3n busca mantener la tradici\u00f3n de La Pampilla, pero incorporando un llamado a apoyar a las familias que todav\u00eda enfrentan las consecuencias de la emergencia que afect\u00f3 a la Regi\u00f3n de Coquimbo.<\/p>\n<p>En ese contexto, el municipio concret\u00f3 una alianza con Desaf\u00edo Levantemos Chile, Banco de Chile y Mega para desarrollar una campa\u00f1a solidaria cuyos recursos ser\u00e1n destinados a personas afectadas por la emergencia y contribuir a la recuperaci\u00f3n de la regi\u00f3n.<\/p>\n<p>\u201cPor primera vez en la historia de La Fiesta de La Pampilla, va a ser televisada\u201d, se\u00f1al\u00f3 el jefe comunal, quien destac\u00f3 el respaldo de Mega para llevar la celebraci\u00f3n a espectadores de todo el pa\u00eds y mantener el apoyo a las familias que m\u00e1s lo necesitan.<\/p>\n<p>El animador Julio C\u00e9sar Rodr\u00edguez ser\u00e1 uno de los rostros que participar\u00e1n de la transmisi\u00f3n y extendi\u00f3 la invitaci\u00f3n a las familias de todo Chile para seguir la celebraci\u00f3n a trav\u00e9s de las pantallas de Mega, adem\u00e1s de sumarse a la campa\u00f1a solidaria.<\/p>\n<p>Aunque la programaci\u00f3n completa todav\u00eda no ha sido informada, ya fueron confirmadas dos presentaciones: el humor de El Flaco y la m\u00fasica tropical de La Noche.<\/p>\n<p>La organizaci\u00f3n tambi\u00e9n trabaja en un despliegue especial debido a la alta convocatoria esperada. Las coordinaciones entre el municipio y el Gobierno consideran una asistencia que podr\u00eda superar las 200 mil personas diarias, por lo que se han reforzado las gestiones relacionadas con seguridad, salud, transporte y funcionamiento del recinto.<\/p>\n<p>De esta manera, La Pampilla 2026 buscar\u00e1 combinar la celebraci\u00f3n tradicional de Fiestas Patrias con una campa\u00f1a de apoyo a las familias damnificadas, utilizando por primera vez una plataforma televisiva de alcance nacional para visibilizar la fiesta y contribuir a la recuperaci\u00f3n de la Regi\u00f3n de Coquimbo.<\/p>\n","protected":false},"excerpt":{"rendered":"<p>La Pampilla de Coquimbo se prepara para una nueva edici\u00f3n que, adem\u00e1s de reunir a miles de personas durante las Fiestas Patrias, tendr\u00e1 este a\u00f1o un marcado componente solidario y una in\u00e9dita cobertura televisiva a nivel nacional. La tradicional celebraci\u00f3n ser\u00e1 transmitida por primera vez a trav\u00e9s de Mega durante los d\u00edas 18, 19 y &hellip;<\/p>\n","protected":false},"author":3,"featured_media":15662,"comment_status":"open","ping_status":"closed","sticky":false,"template":"","format":"standard","meta":{"footnotes":""},"categories":[13],"tags":[],"class_list":["post-15660","post","type-post","status-publish","format-standard","has-post-thumbnail","hentry","category-coquimbo"],"_links":{"self":[{"href":"https:\/\/www.elregional.cl\/index.php?rest_route=\/wp\/v2\/posts\/15660","targetHints":{"allow":["GET"]}}],"collection":[{"href":"https:\/\/www.elregional.cl\/index.php?rest_route=\/wp\/v2\/posts"}],"about":[{"href":"https:\/\/www.elregional.cl\/index.php?rest_route=\/wp\/v2\/types\/post"}],"author":[{"embeddable":true,"href":"https:\/\/www.elregional.cl\/index.php?rest_route=\/wp\/v2\/users\/3"}],"replies":[{"embeddable":true,"href":"https:\/\/www.elregional.cl\/index.php?rest_route=%2Fwp%2Fv2%2Fcomments&post=15660"}],"version-history":[{"count":1,"href":"https:\/\/www.elregional.cl\/index.php?rest_route=\/wp\/v2\/posts\/15660\/revisions"}],"predecessor-version":[{"id":15661,"href":"https:\/\/www.elregional.cl\/index.php?rest_route=\/wp\/v2\/posts\/15660\/revisions\/15661"}],"wp:featuredmedia":[{"embeddable":true,"href":"https:\/\/www.elregional.cl\/index.php?rest_route=\/wp\/v2\/media\/15662"}],"wp:attachment":[{"href":"https:\/\/www.elregional.cl\/index.php?rest_route=%2Fwp%2Fv2%2Fmedia&parent=15660"}],"wp:term":[{"taxonomy":"category","embeddable":true,"href":"https:\/\/www.elregional.cl\/index.php?rest_route=%2Fwp%2Fv2%2Fcategories&post=15660"},{"taxonomy":"post_tag","embeddable":true,"href":"https:\/\/www.elregional.cl\/index.php?rest_route=%2Fwp%2Fv2%2Ftags&post=15660"}],"curies":[{"name":"wp","href":"https:\/\/api.w.org\/{rel}","templated":true}]}}