{"id":15663,"date":"2026-09-03T17:51:12","date_gmt":"2026-09-03T21:51:12","guid":{"rendered":"https:\/\/www.elregional.cl\/?p=15663"},"modified":"2026-09-03T17:54:46","modified_gmt":"2026-09-03T21:54:46","slug":"sismo-de-magnitud-50-se-registra-al-suroeste-de-canela-baja-en-la-region-de-coquimbo-y-es-percibido-en-la-zona-central","status":"publish","type":"post","link":"https:\/\/www.elregional.cl\/?p=15663","title":{"rendered":"Sismo de magnitud 5,0 se registra en Canela Baja en la regi\u00f3n de Coquimbo y es percibido en la zona central"},"content":{"rendered":"<h1><\/h1>\n<p>Un sismo de magnitud 5,0 Mw se registr\u00f3 a las 17:18 horas de este jueves 3 de septiembre, con epicentro ubicado 24 kil\u00f3metros al suroeste de Canela Baja, con una profundidad de 86 km en la Regi\u00f3n de Coquimbo.<\/p>\n<p>De acuerdo con la informaci\u00f3n preliminar del Centro Sismol\u00f3gico Nacional, el movimiento tel\u00farico tuvo una profundidad de 86 kil\u00f3metros y se localiz\u00f3 en las coordenadas 31\u00b035\u2019 de latitud sur y 71\u00b033\u2019 de longitud oeste.<\/p>\n<p>El epicentro tambi\u00e9n fue situado\u00a0 preliminarmente a 24 kil\u00f3metros al oeste de Salamanca.<\/p>\n<p>Tras el movimiento, el Servicio Hidrogr\u00e1fico y Oceanogr\u00e1fico de la Armada (SHOA) inform\u00f3 que las caracter\u00edsticas del sismo <strong>no re\u00fanen las condiciones necesarias para generar un tsunami en las costas de Chile<\/strong>.<\/p>\n<p>El evento fue registrado a las 17:18:20 horas y corresponde a un sismo de origen tect\u00f3nico, cuya magnitud y profundidad podr\u00edan haber permitido su percepci\u00f3n en distintos sectores de la zona central del pa\u00eds.<\/p>\n<p>Las autoridades mantienen el monitoreo del evento y de eventuales r\u00e9plicas.<\/p>\n<p>&nbsp;<\/p>\n<table class=\"sismologia informe\">\n<tbody>\n<tr>\n<td>Referencia<\/td>\n<td>24 km al O de Salamanca<\/td>\n<\/tr>\n<tr>\n<td>Hora Local<\/td>\n<td>17:18:20 03\/09\/2026<\/td>\n<\/tr>\n<tr>\n<td>Hora UTC<\/td>\n<td>21:18:20 03\/09\/2026<\/td>\n<\/tr>\n<tr>\n<td>Latitud<\/td>\n<td>-31.86<\/td>\n<\/tr>\n<tr>\n<td>Longitud<\/td>\n<td>-71.20<\/td>\n<\/tr>\n<tr>\n<td>Profundidad<\/td>\n<td>86 km<\/td>\n<\/tr>\n<tr>\n<td>Magnitud<\/td>\n<td>5.0 Mw<\/td>\n<\/tr>\n<\/tbody>\n<\/table>\n<p>&nbsp;<\/p>\n<p>&nbsp;<\/p>\n","protected":false},"excerpt":{"rendered":"<p>Un sismo de magnitud 5,0 Mw se registr\u00f3 a las 17:18 horas de este jueves 3 de septiembre, con epicentro ubicado 24 kil\u00f3metros al suroeste de Canela Baja, con una profundidad de 86 km en la Regi\u00f3n de Coquimbo. De acuerdo con la informaci\u00f3n preliminar del Centro Sismol\u00f3gico Nacional, el movimiento tel\u00farico tuvo una profundidad &hellip;<\/p>\n","protected":false},"author":3,"featured_media":15376,"comment_status":"open","ping_status":"closed","sticky":false,"template":"","format":"standard","meta":{"footnotes":""},"categories":[2],"tags":[],"class_list":["post-15663","post","type-post","status-publish","format-standard","has-post-thumbnail","hentry","category-regionales"],"_links":{"self":[{"href":"https:\/\/www.elregional.cl\/index.php?rest_route=\/wp\/v2\/posts\/15663","targetHints":{"allow":["GET"]}}],"collection":[{"href":"https:\/\/www.elregional.cl\/index.php?rest_route=\/wp\/v2\/posts"}],"about":[{"href":"https:\/\/www.elregional.cl\/index.php?rest_route=\/wp\/v2\/types\/post"}],"author":[{"embeddable":true,"href":"https:\/\/www.elregional.cl\/index.php?rest_route=\/wp\/v2\/users\/3"}],"replies":[{"embeddable":true,"href":"https:\/\/www.elregional.cl\/index.php?rest_route=%2Fwp%2Fv2%2Fcomments&post=15663"}],"version-history":[{"count":2,"href":"https:\/\/www.elregional.cl\/index.php?rest_route=\/wp\/v2\/posts\/15663\/revisions"}],"predecessor-version":[{"id":15665,"href":"https:\/\/www.elregional.cl\/index.php?rest_route=\/wp\/v2\/posts\/15663\/revisions\/15665"}],"wp:featuredmedia":[{"embeddable":true,"href":"https:\/\/www.elregional.cl\/index.php?rest_route=\/wp\/v2\/media\/15376"}],"wp:attachment":[{"href":"https:\/\/www.elregional.cl\/index.php?rest_route=%2Fwp%2Fv2%2Fmedia&parent=15663"}],"wp:term":[{"taxonomy":"category","embeddable":true,"href":"https:\/\/www.elregional.cl\/index.php?rest_route=%2Fwp%2Fv2%2Fcategories&post=15663"},{"taxonomy":"post_tag","embeddable":true,"href":"https:\/\/www.elregional.cl\/index.php?rest_route=%2Fwp%2Fv2%2Ftags&post=15663"}],"curies":[{"name":"wp","href":"https:\/\/api.w.org\/{rel}","templated":true}]}}