{"id":15669,"date":"2026-09-04T08:06:18","date_gmt":"2026-09-04T12:06:18","guid":{"rendered":"https:\/\/www.elregional.cl\/?p=15669"},"modified":"2026-09-04T08:06:19","modified_gmt":"2026-09-04T12:06:19","slug":"semana-de-la-construccion-atacama-2026-federico-sanchez-llama-a-potenciar-la-identidad-de-atacama-y-buscar-a-los-mejores-para-su-desarrollo","status":"publish","type":"post","link":"https:\/\/www.elregional.cl\/?p=15669","title":{"rendered":"Semana de la Construcci\u00f3n Atacama 2026: Federico S\u00e1nchez llama a potenciar la identidad de Atacama y buscar \u201ca los mejores\u201d para su desarrollo"},"content":{"rendered":"<p>Con una reflexi\u00f3n centrada en la arquitectura, el patrimonio, el paisaje y la identidad territorial, concluy\u00f3 este jueves 3 de septiembre la XIII Semana de la Construcci\u00f3n Atacama 2026, organizada por la C\u00e1mara Chilena de la Construcci\u00f3n Atacama y la Universidad de Atacama.<\/p>\n<p>La jornada de cierre se desarroll\u00f3 en el Parque Kaukari de Copiap\u00f3 y reuni\u00f3 a representantes del sector p\u00fablico y privado, la academia, estudiantes y la comunidad, en una instancia orientada a analizar los desaf\u00edos que enfrenta la regi\u00f3n y las oportunidades para proyectar sus ciudades.<\/p>\n<p>El arquitecto, acad\u00e9mico y comunicador Federico S\u00e1nchez fue el encargado de cerrar el encuentro con la charla magistral \u201cArquitectura, Arte y Dise\u00f1o: Origen y Destino\u201d, donde abord\u00f3 la relaci\u00f3n entre arquitectura, arte, dise\u00f1o, paisaje, territorio e identidad.<\/p>\n<p>Durante su exposici\u00f3n, destac\u00f3 especialmente el Parque Kaukari como un ejemplo de recuperaci\u00f3n urbana y de c\u00f3mo una intervenci\u00f3n arquitect\u00f3nica puede generar nuevos v\u00ednculos entre la ciudad y su entorno.<\/p>\n<p>\u201cEl parque es una buena manera de representar esa identidad\u201d, sostuvo S\u00e1nchez, quien destac\u00f3 que el proyecto permiti\u00f3 \u201cactivar un suelo que estaba absolutamente en abandono\u201d. En esa l\u00ednea, afirm\u00f3 que \u201clos buenos arquitectos pueden generar buenas ciudades\u201d.<\/p>\n<p>El profesional tambi\u00e9n llam\u00f3 a la comunidad a conocer y valorar el espacio, se\u00f1alando que actualmente \u201ces orgullo de Copiap\u00f3\u201d y que, por ello, \u201chay que visitarlo\u201d.<\/p>\n<p>S\u00e1nchez plante\u00f3 adem\u00e1s que las particularidades de Atacama deben ser observadas como oportunidades para generar nuevas propuestas de desarrollo. Entre ellas mencion\u00f3 los relaves mineros, frente a los cuales propuso una mirada distinta.<\/p>\n<p>\u201cLos relaves tambi\u00e9n son una oportunidad\u201d, afirm\u00f3, planteando que, si son abordados adecuadamente, podr\u00edan transformarse en elementos capaces de aportar al paisaje regional.<\/p>\n<p>En este contexto, valor\u00f3 el trabajo de la Universidad de Atacama en iniciativas relacionadas con la reconversi\u00f3n de relaves y destac\u00f3 el papel de la academia en la b\u00fasqueda de alternativas para el futuro del territorio.<\/p>\n<p>\u201cLa universidad es el lugar donde se pueden abrir reflexiones contundentes respecto de las posibilidades de futuro\u201d, sostuvo.<\/p>\n<p>Otro de los temas abordados fue el desierto florido, fen\u00f3meno que, a juicio del arquitecto, representa una oportunidad para fortalecer el turismo regional, pero desde una perspectiva vinculada al paisaje, la cultura y la identidad local.<\/p>\n<p>\u201cMe gustar\u00eda que no fuese un turismo cualquiera\u201d, se\u00f1al\u00f3 S\u00e1nchez, planteando que la experiencia debe permitir al visitante conocer el territorio y su particularidad.<\/p>\n<p>Tambi\u00e9n llam\u00f3 a vincular esta actividad con la cultura, las tradiciones y el patrimonio de la zona, destacando obras como el Museo Regional de Atacama y el Parque Kaukari como ejemplos del aporte que la arquitectura puede generar en el desarrollo urbano.<\/p>\n<h2>CChC destaca llamado a potenciar capacidades regionales<\/h2>\n<p>El presidente de la CChC Atacama, Cristi\u00e1n Alzamora, valor\u00f3 el cierre de la actividad y destac\u00f3 la reflexi\u00f3n entregada por Federico S\u00e1nchez respecto de la necesidad de reconocer y poner en valor los elementos que ya existen en la regi\u00f3n.<\/p>\n<p>\u201cTuvimos un cierre espectacular con Federico S\u00e1nchez, que nos habl\u00f3 un poco de poner en valor lo que tenemos en Atacama\u201d, se\u00f1al\u00f3.<\/p>\n<p>Alzamora sostuvo que uno de los principales aprendizajes de la jornada es la necesidad de pensar en el futuro de las ciudades y llam\u00f3 a \u201cbuscar a los mejores para desarrollar Atacama\u201d.<\/p>\n<p>Como ejemplo, mencion\u00f3 nuevamente el Parque Kaukari, cuyo desarrollo, seg\u00fan explic\u00f3, surgi\u00f3 del v\u00ednculo entre un socio de la C\u00e1mara y un arquitecto.<\/p>\n<p>\u201cEntendemos que ese es el camino correcto y obviamente como sede regional vamos a seguir impulsando ese tipo de acciones\u201d, afirm\u00f3.<\/p>\n<p>El dirigente gremial tambi\u00e9n relev\u00f3 la importancia de fortalecer la colaboraci\u00f3n entre el sector p\u00fablico, privado y la academia para enfrentar los desaf\u00edos regionales.<\/p>\n<p>\u201cUnir el mundo p\u00fablico y privado en un pensar en Atacama hacia el futuro y resolver las dificultades m\u00e1s a corto plazo es el camino m\u00e1s adecuado\u201d, sostuvo.<\/p>\n<p>En esa misma l\u00ednea, destac\u00f3 la relaci\u00f3n entre las empresas y las instituciones de educaci\u00f3n superior, asegurando que \u201cla academia es el camino que debemos seguir\u201d, especialmente para acercar a las nuevas generaciones al mundo productivo y al desarrollo del territorio.<\/p>\n<h2>Universidad de Atacama pide ampliar el debate sobre las ciudades<\/h2>\n<p>Desde la Universidad de Atacama, el director del Departamento de Construcci\u00f3n Civil, William Cort\u00e9s Guzm\u00e1n, destac\u00f3 el aporte de las jornadas como espacios para analizar la realidad de Copiap\u00f3 y los desaf\u00edos que enfrenta la regi\u00f3n.<\/p>\n<p>\u201cLa ciudad hoy d\u00eda necesita de este tipo de conversaciones porque nos sit\u00faa en la realidad\u201d, afirm\u00f3.<\/p>\n<p>Respecto de la presentaci\u00f3n de Federico S\u00e1nchez, se\u00f1al\u00f3 que fue una exposici\u00f3n \u201cmuy coloquial pero tambi\u00e9n muy profunda\u201d, que permiti\u00f3 abordar desde una perspectiva distinta el trabajo de los profesionales relacionados con la construcci\u00f3n y el desarrollo urbano.<\/p>\n<p>Cort\u00e9s plante\u00f3 adem\u00e1s la necesidad de ampliar la participaci\u00f3n en este tipo de encuentros.<\/p>\n<p>\u201cMe encantar\u00eda que fueran m\u00e1s masivas, que particip\u00e1ramos m\u00e1s, porque as\u00ed podemos entregarles herramientas que puedan servirnos para poder crecer como ciudad, como regi\u00f3n\u201d, manifest\u00f3.<\/p>\n<h2>J\u00f3venes y patrimonio tambi\u00e9n marcaron el cierre<\/h2>\n<p>La \u00faltima jornada incluy\u00f3 adem\u00e1s el reconocimiento al Liceo Tecnol\u00f3gico de Copiap\u00f3, establecimiento ganador de la jornada interescolar realizada durante la apertura de la Semana de la Construcci\u00f3n, en el marco del programa Construyo Mi Futuro de la CChC.<\/p>\n<p>Actualmente, la iniciativa se desarrolla en cuatro liceos y alcanza a m\u00e1s de 550 estudiantes de especialidades vinculadas con la construcci\u00f3n, fortaleciendo el v\u00ednculo entre la educaci\u00f3n t\u00e9cnico-profesional y el mundo productivo.<\/p>\n<p>Durante el cierre tambi\u00e9n se present\u00f3 \u201cTesoros de mi Ciudad\u201d, audiovisual realizado en el marco de Mundo Socio CChC, que aborda parte de la historia, el patrimonio y la identidad de Copiap\u00f3.<\/p>\n<p>Con esta jornada finaliz\u00f3 la XIII Semana de la Construcci\u00f3n Atacama 2026, que durante cuatro d\u00edas abord\u00f3 materias relacionadas con las brechas de infraestructura, calidad de vida urbana, sostenibilidad, desarrollo de las ciudades, formaci\u00f3n de nuevos talentos y puesta en valor del patrimonio regional.<\/p>\n<p>El encuentro concluy\u00f3 con un llamado a fortalecer el trabajo conjunto entre el sector p\u00fablico, privado, la academia y la comunidad, con una mirada de largo plazo que permita impulsar el desarrollo de Atacama sin perder de vista su territorio, patrimonio e identidad.<\/p>\n","protected":false},"excerpt":{"rendered":"<p>Con una reflexi\u00f3n centrada en la arquitectura, el patrimonio, el paisaje y la identidad territorial, concluy\u00f3 este jueves 3 de septiembre la XIII Semana de la Construcci\u00f3n Atacama 2026, organizada por la C\u00e1mara Chilena de la Construcci\u00f3n Atacama y la Universidad de Atacama. La jornada de cierre se desarroll\u00f3 en el Parque Kaukari de Copiap\u00f3 &hellip;<\/p>\n","protected":false},"author":3,"featured_media":15671,"comment_status":"open","ping_status":"closed","sticky":false,"template":"","format":"standard","meta":{"footnotes":""},"categories":[16],"tags":[],"class_list":["post-15669","post","type-post","status-publish","format-standard","has-post-thumbnail","hentry","category-atacama"],"_links":{"self":[{"href":"https:\/\/www.elregional.cl\/index.php?rest_route=\/wp\/v2\/posts\/15669","targetHints":{"allow":["GET"]}}],"collection":[{"href":"https:\/\/www.elregional.cl\/index.php?rest_route=\/wp\/v2\/posts"}],"about":[{"href":"https:\/\/www.elregional.cl\/index.php?rest_route=\/wp\/v2\/types\/post"}],"author":[{"embeddable":true,"href":"https:\/\/www.elregional.cl\/index.php?rest_route=\/wp\/v2\/users\/3"}],"replies":[{"embeddable":true,"href":"https:\/\/www.elregional.cl\/index.php?rest_route=%2Fwp%2Fv2%2Fcomments&post=15669"}],"version-history":[{"count":1,"href":"https:\/\/www.elregional.cl\/index.php?rest_route=\/wp\/v2\/posts\/15669\/revisions"}],"predecessor-version":[{"id":15670,"href":"https:\/\/www.elregional.cl\/index.php?rest_route=\/wp\/v2\/posts\/15669\/revisions\/15670"}],"wp:featuredmedia":[{"embeddable":true,"href":"https:\/\/www.elregional.cl\/index.php?rest_route=\/wp\/v2\/media\/15671"}],"wp:attachment":[{"href":"https:\/\/www.elregional.cl\/index.php?rest_route=%2Fwp%2Fv2%2Fmedia&parent=15669"}],"wp:term":[{"taxonomy":"category","embeddable":true,"href":"https:\/\/www.elregional.cl\/index.php?rest_route=%2Fwp%2Fv2%2Fcategories&post=15669"},{"taxonomy":"post_tag","embeddable":true,"href":"https:\/\/www.elregional.cl\/index.php?rest_route=%2Fwp%2Fv2%2Ftags&post=15669"}],"curies":[{"name":"wp","href":"https:\/\/api.w.org\/{rel}","templated":true}]}}