{"id":15672,"date":"2026-09-04T08:54:06","date_gmt":"2026-09-04T12:54:06","guid":{"rendered":"https:\/\/www.elregional.cl\/?p=15672"},"modified":"2026-09-04T08:54:07","modified_gmt":"2026-09-04T12:54:07","slug":"deportes-concepcion-busca-meterse-en-zona-de-copas-ante-audax-italiano","status":"publish","type":"post","link":"https:\/\/www.elregional.cl\/?p=15672","title":{"rendered":"Deportes Concepci\u00f3n busca meterse en zona de copas ante Audax Italiano"},"content":{"rendered":"<p>Deportes Concepci\u00f3n recibir\u00e1 este viernes a Audax Italiano en el Estadio Ester Roa, desde las 20:30 horas, en el inicio de la fecha 22 de la Liga de Primera.<\/p>\n<p>El cuadro lila llega con 30 puntos y ubicado en el octavo lugar de la tabla, por lo que una victoria le permitir\u00eda dar un importante salto y meter presi\u00f3n en la lucha por los puestos de clasificaci\u00f3n a la Copa Sudamericana.<\/p>\n<p>Los dirigidos por Fernando D\u00edaz atraviesan un buen momento en la segunda rueda y buscar\u00e1n extender su racha positiva ante un Audax Italiano que llega necesitado de puntos.<\/p>\n<p>El conjunto it\u00e1lico acumula cuatro partidos consecutivos sin ganar y marcha decimotercero con 22 unidades. La situaci\u00f3n es apremiante, ya que mantiene apenas un punto de ventaja sobre Cobresal, que actualmente ocupa un lugar en la zona de descenso.<\/p>\n<p>El partido tambi\u00e9n ser\u00e1 importante para Deportes Concepci\u00f3n pensando en su pr\u00f3ximo desaf\u00edo, ya que la pr\u00f3xima semana deber\u00e1 visitar a Colo Colo en el Estadio Monumental.<\/p>\n<p>El encuentro ser\u00e1 dirigido por el \u00e1rbitro Piero Maza, mientras que Gast\u00f3n Philippe estar\u00e1 a cargo del VAR.<\/p>\n","protected":false},"excerpt":{"rendered":"<p>Deportes Concepci\u00f3n recibir\u00e1 este viernes a Audax Italiano en el Estadio Ester Roa, desde las 20:30 horas, en el inicio de la fecha 22 de la Liga de Primera. El cuadro lila llega con 30 puntos y ubicado en el octavo lugar de la tabla, por lo que una victoria le permitir\u00eda dar un importante &hellip;<\/p>\n","protected":false},"author":3,"featured_media":15674,"comment_status":"open","ping_status":"closed","sticky":false,"template":"","format":"standard","meta":{"footnotes":""},"categories":[5],"tags":[],"class_list":["post-15672","post","type-post","status-publish","format-standard","has-post-thumbnail","hentry","category-deportes"],"_links":{"self":[{"href":"https:\/\/www.elregional.cl\/index.php?rest_route=\/wp\/v2\/posts\/15672","targetHints":{"allow":["GET"]}}],"collection":[{"href":"https:\/\/www.elregional.cl\/index.php?rest_route=\/wp\/v2\/posts"}],"about":[{"href":"https:\/\/www.elregional.cl\/index.php?rest_route=\/wp\/v2\/types\/post"}],"author":[{"embeddable":true,"href":"https:\/\/www.elregional.cl\/index.php?rest_route=\/wp\/v2\/users\/3"}],"replies":[{"embeddable":true,"href":"https:\/\/www.elregional.cl\/index.php?rest_route=%2Fwp%2Fv2%2Fcomments&post=15672"}],"version-history":[{"count":1,"href":"https:\/\/www.elregional.cl\/index.php?rest_route=\/wp\/v2\/posts\/15672\/revisions"}],"predecessor-version":[{"id":15673,"href":"https:\/\/www.elregional.cl\/index.php?rest_route=\/wp\/v2\/posts\/15672\/revisions\/15673"}],"wp:featuredmedia":[{"embeddable":true,"href":"https:\/\/www.elregional.cl\/index.php?rest_route=\/wp\/v2\/media\/15674"}],"wp:attachment":[{"href":"https:\/\/www.elregional.cl\/index.php?rest_route=%2Fwp%2Fv2%2Fmedia&parent=15672"}],"wp:term":[{"taxonomy":"category","embeddable":true,"href":"https:\/\/www.elregional.cl\/index.php?rest_route=%2Fwp%2Fv2%2Fcategories&post=15672"},{"taxonomy":"post_tag","embeddable":true,"href":"https:\/\/www.elregional.cl\/index.php?rest_route=%2Fwp%2Fv2%2Ftags&post=15672"}],"curies":[{"name":"wp","href":"https:\/\/api.w.org\/{rel}","templated":true}]}}