{"id":15678,"date":"2026-09-04T07:40:17","date_gmt":"2026-09-04T11:40:17","guid":{"rendered":"https:\/\/www.elregional.cl\/?p=15678"},"modified":"2026-09-04T09:03:54","modified_gmt":"2026-09-04T13:03:54","slug":"delegada-sofia-cid-mas-de-7-mil-personas-en-atacama-comienzan-a-recibir-el-aumento-automatico-de-la-pgu","status":"publish","type":"post","link":"https:\/\/www.elregional.cl\/?p=15678","title":{"rendered":"Delegada Sof\u00eda Cid: \u201cM\u00e1s de 7 mil personas en Atacama comienzan a recibir el aumento autom\u00e1tico de la PGU\u201d"},"content":{"rendered":"<p align=\"justify\">Desde este 1 de septiembre, 7.385 personas de entre 75 y 81 a\u00f1os de la Regi\u00f3n de Atacama son beneficiadas por el reajuste de la Pensi\u00f3n Garantizada Universal, cuyo monto m\u00e1ximo alcanza los $250.275 para este tramo de edad.<\/p>\n<p align=\"justify\">Una nueva etapa del aumento de la Pensi\u00f3n Garantizada Universal (PGU)comenz\u00f3 a implementarse este 1 de septiembre. La medida incorpora a las personas de entre 75 y 81 a\u00f1os y, en la Regi\u00f3n de Atacama, alcanza a 7.385 beneficiarios.<\/p>\n<p align=\"justify\">La Delegada Presidencial Regional de Atacama, Sof\u00eda Cid Versalovic, destac\u00f3 el alcance territorial de esta nueva etapa.<\/p>\n<p align=\"justify\">\u201cEstamos hablando de m\u00e1s de 7 mil personas mayores de Atacama que hoy reciben una mejora en su PGU. Es una medida que tiene un impacto concreto en nuestros adultos mayores y que queremos que sea conocida en cada una de las comunas de la regi\u00f3n.\u201d<\/p>\n<p align=\"justify\">A nivel nacional, esta etapa beneficia a m\u00e1s de 500 mil personas de entre 75 y 81 a\u00f1os, quienes se suman a las personas de 82 a\u00f1os y m\u00e1s incorporadas previamente al aumento. El monto m\u00e1ximo de la PGU para estos grupos llega a $250.275 mensuales.<\/p>\n<p align=\"justify\">Cid subray\u00f3 tambi\u00e9n la importancia de entregar informaci\u00f3n clara sobre la forma en que se materializa el reajuste.<\/p>\n<p align=\"justify\">\u201cNo hay que pagar, no hay intermediarios y no hay gestiones especiales para quienes ya reciben la PGU en este tramo de edad. El aumento se aplica de manera autom\u00e1tica, por eso tambi\u00e9n hacemos un llamado a informarse siempre a trav\u00e9s de los canales oficiales.\u201d<\/p>\n<h2 align=\"justify\">Implementaci\u00f3n gradual<\/h2>\n<p align=\"justify\">El aumento de la PGU forma parte de una implementaci\u00f3n por etapas. Tras la incorporaci\u00f3n de las personas de 82 a\u00f1os y m\u00e1s, desde septiembre de 2026 corresponde el turno de quienes tienen entre 75 y 81 a\u00f1os. La siguiente etapa est\u00e1 prevista para septiembre de 2027, cuando se incorporen las personas de entre 65 y 74 a\u00f1os que cumplan con los requisitos establecidos.<\/p>\n<p align=\"justify\">La PGU tiene una presencia especialmente significativa entre las mujeres, quienes representan la mayor\u00eda de sus beneficiarios. Esto se relaciona, entre otros factores, con trayectorias laborales marcadas por menores cotizaciones, informalidad y periodos dedicados a labores de cuidado.<\/p>\n<p align=\"justify\">\u201cDetr\u00e1s de esta pol\u00edtica p\u00fablica hay personas que han trabajado y aportado durante toda una vida, muchas veces enfrentando trayectorias laborales muy distintas. Como Gobierno del Presidente Jos\u00e9 Antonio Kast tenemos la responsabilidad de acercar estos avances a las familias y de entregar informaci\u00f3n que les permita acceder a sus beneficios con seguridad y confianza.\u201d<\/p>\n<p align=\"justify\">Las personas que requieran revisar antecedentes, conocer los requisitos de la PGU o resolver dudas sobre sus pagos pueden recurrir a los canales oficiales del Instituto de Previsi\u00f3n Social (IPS) y ChileAtiende.<\/p>\n<p style=\"text-align: left;\" align=\"justify\">\n","protected":false},"excerpt":{"rendered":"<p>Desde este 1 de septiembre, 7.385 personas de entre 75 y 81 a\u00f1os de la Regi\u00f3n de Atacama son beneficiadas por el reajuste de la Pensi\u00f3n Garantizada Universal, cuyo monto m\u00e1ximo alcanza los $250.275 para este tramo de edad. Una nueva etapa del aumento de la Pensi\u00f3n Garantizada Universal (PGU)comenz\u00f3 a implementarse este 1 de &hellip;<\/p>\n","protected":false},"author":3,"featured_media":15680,"comment_status":"open","ping_status":"closed","sticky":false,"template":"","format":"standard","meta":{"footnotes":""},"categories":[16],"tags":[],"class_list":["post-15678","post","type-post","status-publish","format-standard","has-post-thumbnail","hentry","category-atacama"],"_links":{"self":[{"href":"https:\/\/www.elregional.cl\/index.php?rest_route=\/wp\/v2\/posts\/15678","targetHints":{"allow":["GET"]}}],"collection":[{"href":"https:\/\/www.elregional.cl\/index.php?rest_route=\/wp\/v2\/posts"}],"about":[{"href":"https:\/\/www.elregional.cl\/index.php?rest_route=\/wp\/v2\/types\/post"}],"author":[{"embeddable":true,"href":"https:\/\/www.elregional.cl\/index.php?rest_route=\/wp\/v2\/users\/3"}],"replies":[{"embeddable":true,"href":"https:\/\/www.elregional.cl\/index.php?rest_route=%2Fwp%2Fv2%2Fcomments&post=15678"}],"version-history":[{"count":1,"href":"https:\/\/www.elregional.cl\/index.php?rest_route=\/wp\/v2\/posts\/15678\/revisions"}],"predecessor-version":[{"id":15679,"href":"https:\/\/www.elregional.cl\/index.php?rest_route=\/wp\/v2\/posts\/15678\/revisions\/15679"}],"wp:featuredmedia":[{"embeddable":true,"href":"https:\/\/www.elregional.cl\/index.php?rest_route=\/wp\/v2\/media\/15680"}],"wp:attachment":[{"href":"https:\/\/www.elregional.cl\/index.php?rest_route=%2Fwp%2Fv2%2Fmedia&parent=15678"}],"wp:term":[{"taxonomy":"category","embeddable":true,"href":"https:\/\/www.elregional.cl\/index.php?rest_route=%2Fwp%2Fv2%2Fcategories&post=15678"},{"taxonomy":"post_tag","embeddable":true,"href":"https:\/\/www.elregional.cl\/index.php?rest_route=%2Fwp%2Fv2%2Ftags&post=15678"}],"curies":[{"name":"wp","href":"https:\/\/api.w.org\/{rel}","templated":true}]}}