{"id":15684,"date":"2026-09-04T11:15:29","date_gmt":"2026-09-04T15:15:29","guid":{"rendered":"https:\/\/www.elregional.cl\/?p=15684"},"modified":"2026-09-04T11:15:30","modified_gmt":"2026-09-04T15:15:30","slug":"adulta-mayor-postrada-fallecio-durante-incendio-en-vina-del-mar","status":"publish","type":"post","link":"https:\/\/www.elregional.cl\/?p=15684","title":{"rendered":"Adulta mayor postrada falleci\u00f3 durante incendio en Vi\u00f1a del Mar"},"content":{"rendered":"<h1><\/h1>\n<p>Una mujer de aproximadamente 80 a\u00f1os, que se encontraba postrada en su domicilio, falleci\u00f3 durante la madrugada de este mi\u00e9rcoles producto de un incendio registrado en el sector de Achupallas, en la comuna de Vi\u00f1a del Mar.<\/p>\n<p>La emergencia se inici\u00f3 en la intersecci\u00f3n de las calles Heriberto Rojas con Los Almendros, donde las llamas se propagaron r\u00e1pidamente y terminaron afectando a dos viviendas particulares.<\/p>\n<p>Debido a la magnitud del siniestro, Bomberos de Vi\u00f1a del Mar declar\u00f3 alarma general y moviliz\u00f3 la totalidad de sus carros y unidades hasta el lugar.<\/p>\n<p>El trabajo de los equipos de emergencia se vio dificultado por las condiciones de abastecimiento de agua, debido a que los grifos del sector no contaban con el caudal suficiente para enfrentar la intensidad de las llamas.<\/p>\n<p>Una vez controlado el fuego en el inmueble donde se inici\u00f3 la emergencia y en las estructuras colindantes, los equipos de emergencia confirmaron el hallazgo del cuerpo sin vida de la adulta mayor.<\/p>\n<p>Seg\u00fan los antecedentes preliminares, la v\u00edctima no habr\u00eda podido abandonar la vivienda debido a sus problemas de movilidad.<\/p>\n<p>Tras finalizar las labores de extinci\u00f3n, personal especializado del Cuerpo de Bomberos inici\u00f3 los peritajes en el lugar para determinar el origen del incendio y establecer las circunstancias en que se produjo el fatal siniestro.<\/p>\n","protected":false},"excerpt":{"rendered":"<p>Una mujer de aproximadamente 80 a\u00f1os, que se encontraba postrada en su domicilio, falleci\u00f3 durante la madrugada de este mi\u00e9rcoles producto de un incendio registrado en el sector de Achupallas, en la comuna de Vi\u00f1a del Mar. La emergencia se inici\u00f3 en la intersecci\u00f3n de las calles Heriberto Rojas con Los Almendros, donde las llamas &hellip;<\/p>\n","protected":false},"author":3,"featured_media":15686,"comment_status":"open","ping_status":"closed","sticky":false,"template":"","format":"standard","meta":{"footnotes":""},"categories":[3],"tags":[],"class_list":["post-15684","post","type-post","status-publish","format-standard","has-post-thumbnail","hentry","category-pais"],"_links":{"self":[{"href":"https:\/\/www.elregional.cl\/index.php?rest_route=\/wp\/v2\/posts\/15684","targetHints":{"allow":["GET"]}}],"collection":[{"href":"https:\/\/www.elregional.cl\/index.php?rest_route=\/wp\/v2\/posts"}],"about":[{"href":"https:\/\/www.elregional.cl\/index.php?rest_route=\/wp\/v2\/types\/post"}],"author":[{"embeddable":true,"href":"https:\/\/www.elregional.cl\/index.php?rest_route=\/wp\/v2\/users\/3"}],"replies":[{"embeddable":true,"href":"https:\/\/www.elregional.cl\/index.php?rest_route=%2Fwp%2Fv2%2Fcomments&post=15684"}],"version-history":[{"count":1,"href":"https:\/\/www.elregional.cl\/index.php?rest_route=\/wp\/v2\/posts\/15684\/revisions"}],"predecessor-version":[{"id":15685,"href":"https:\/\/www.elregional.cl\/index.php?rest_route=\/wp\/v2\/posts\/15684\/revisions\/15685"}],"wp:featuredmedia":[{"embeddable":true,"href":"https:\/\/www.elregional.cl\/index.php?rest_route=\/wp\/v2\/media\/15686"}],"wp:attachment":[{"href":"https:\/\/www.elregional.cl\/index.php?rest_route=%2Fwp%2Fv2%2Fmedia&parent=15684"}],"wp:term":[{"taxonomy":"category","embeddable":true,"href":"https:\/\/www.elregional.cl\/index.php?rest_route=%2Fwp%2Fv2%2Fcategories&post=15684"},{"taxonomy":"post_tag","embeddable":true,"href":"https:\/\/www.elregional.cl\/index.php?rest_route=%2Fwp%2Fv2%2Ftags&post=15684"}],"curies":[{"name":"wp","href":"https:\/\/api.w.org\/{rel}","templated":true}]}}