{"id":15687,"date":"2026-09-04T11:31:31","date_gmt":"2026-09-04T15:31:31","guid":{"rendered":"https:\/\/www.elregional.cl\/?p=15687"},"modified":"2026-09-04T11:31:32","modified_gmt":"2026-09-04T15:31:32","slug":"incendios-simultaneos-obligan-a-evacuar-el-liceo-de-aplicacion-en-santiago","status":"publish","type":"post","link":"https:\/\/www.elregional.cl\/?p=15687","title":{"rendered":"Incendios simult\u00e1neos obligan a evacuar el Liceo de Aplicaci\u00f3n en Santiago"},"content":{"rendered":"<h1><\/h1>\n<p>Una emergencia provocada por dos focos de fuego al interior del Liceo de Aplicaci\u00f3n, en Santiago Centro, oblig\u00f3 este viernes a evacuar preventivamente el establecimiento y suspender completamente las clases.<\/p>\n<p>El recinto educacional se encuentra en la intersecci\u00f3n de avenida Ricardo Cumming con Romero, en el Barrio Brasil. La emergencia moviliz\u00f3 a voluntarios del Cuerpo de Bomberos de Santiago, luego de detectarse llamas en dos edificios independientes que forman parte del establecimiento.<\/p>\n<p>De acuerdo con los antecedentes del procedimiento, uno de los focos se registr\u00f3 en un ba\u00f1o del denominado edificio 21, mientras que el segundo afect\u00f3 a un contenedor de basura ubicado en el patio del edificio 20.<\/p>\n<p>El teniente segundo del Cuerpo de Bomberos de Santiago, Humberto Bellucci, explic\u00f3 que en ambos puntos fueron encontrados elementos que podr\u00edan haber sido utilizados para iniciar el fuego.<\/p>\n<p>\u201cEn el edificio 21, en un ba\u00f1o que da a la calle Cumming, hab\u00eda un foco el cual fue mediante un objeto portador de fuego no identificado; y en el edificio 20, al frente, en el patio, hab\u00eda un contenedor quemado, tambi\u00e9n con un objeto portador de fuego no identificado\u201d, detall\u00f3.<\/p>\n<p>El oficial agreg\u00f3 que en el ba\u00f1o tambi\u00e9n fueron encontradas prendas de vestir que resultaron combustionadas.<\/p>\n<p>Si bien preliminarmente se investiga la eventual utilizaci\u00f3n de artefactos incendiarios, Bomberos calific\u00f3 t\u00e9cnicamente los elementos encontrados como \u201cobjetos portadores de fuego\u201d, antecedentes que quedaron a disposici\u00f3n de las diligencias destinadas a establecer el origen e intencionalidad de los hechos.<\/p>\n<p>La presencia de humo llev\u00f3 a las autoridades del establecimiento a disponer la evacuaci\u00f3n completa del alumnado como medida preventiva, con el objetivo de resguardar a la comunidad educativa.<\/p>\n<p>No se registraron personas lesionadas ni da\u00f1os estructurales de consideraci\u00f3n. Una vez controlada la emergencia, los equipos de Bomberos finalizaron sus labores y posteriormente se habilit\u00f3 nuevamente el tr\u00e1nsito vehicular en el sector.<\/p>\n","protected":false},"excerpt":{"rendered":"<p>Una emergencia provocada por dos focos de fuego al interior del Liceo de Aplicaci\u00f3n, en Santiago Centro, oblig\u00f3 este viernes a evacuar preventivamente el establecimiento y suspender completamente las clases. El recinto educacional se encuentra en la intersecci\u00f3n de avenida Ricardo Cumming con Romero, en el Barrio Brasil. La emergencia moviliz\u00f3 a voluntarios del Cuerpo &hellip;<\/p>\n","protected":false},"author":3,"featured_media":15689,"comment_status":"open","ping_status":"closed","sticky":false,"template":"","format":"standard","meta":{"footnotes":""},"categories":[3],"tags":[],"class_list":["post-15687","post","type-post","status-publish","format-standard","has-post-thumbnail","hentry","category-pais"],"_links":{"self":[{"href":"https:\/\/www.elregional.cl\/index.php?rest_route=\/wp\/v2\/posts\/15687","targetHints":{"allow":["GET"]}}],"collection":[{"href":"https:\/\/www.elregional.cl\/index.php?rest_route=\/wp\/v2\/posts"}],"about":[{"href":"https:\/\/www.elregional.cl\/index.php?rest_route=\/wp\/v2\/types\/post"}],"author":[{"embeddable":true,"href":"https:\/\/www.elregional.cl\/index.php?rest_route=\/wp\/v2\/users\/3"}],"replies":[{"embeddable":true,"href":"https:\/\/www.elregional.cl\/index.php?rest_route=%2Fwp%2Fv2%2Fcomments&post=15687"}],"version-history":[{"count":1,"href":"https:\/\/www.elregional.cl\/index.php?rest_route=\/wp\/v2\/posts\/15687\/revisions"}],"predecessor-version":[{"id":15688,"href":"https:\/\/www.elregional.cl\/index.php?rest_route=\/wp\/v2\/posts\/15687\/revisions\/15688"}],"wp:featuredmedia":[{"embeddable":true,"href":"https:\/\/www.elregional.cl\/index.php?rest_route=\/wp\/v2\/media\/15689"}],"wp:attachment":[{"href":"https:\/\/www.elregional.cl\/index.php?rest_route=%2Fwp%2Fv2%2Fmedia&parent=15687"}],"wp:term":[{"taxonomy":"category","embeddable":true,"href":"https:\/\/www.elregional.cl\/index.php?rest_route=%2Fwp%2Fv2%2Fcategories&post=15687"},{"taxonomy":"post_tag","embeddable":true,"href":"https:\/\/www.elregional.cl\/index.php?rest_route=%2Fwp%2Fv2%2Ftags&post=15687"}],"curies":[{"name":"wp","href":"https:\/\/api.w.org\/{rel}","templated":true}]}}