{"id":15699,"date":"2026-09-04T16:05:13","date_gmt":"2026-09-04T20:05:13","guid":{"rendered":"https:\/\/www.elregional.cl\/?p=15699"},"modified":"2026-09-04T16:05:14","modified_gmt":"2026-09-04T20:05:14","slug":"pdi-recupera-iphone-avaluado-en-14-millones-y-detiene-a-imputado-en-vicuna","status":"publish","type":"post","link":"https:\/\/www.elregional.cl\/?p=15699","title":{"rendered":"PDI recupera iPhone avaluado en $1,4 millones y detiene a imputado en Vicu\u00f1a"},"content":{"rendered":"<h1><\/h1>\n<p>Detectives de la Brigada de Investigaci\u00f3n Criminal de la PDI de Vicu\u00f1a recuperaron un tel\u00e9fono celular iPhone 17 Pro Max, avaluado en aproximadamente 1,4 millones de pesos, y detuvieron a un ciudadano colombiano por el delito flagrante de receptaci\u00f3n.<\/p>\n<p>Las diligencias se iniciaron a partir de una denuncia por hurto de hallazgo recibida en la unidad policial. A partir del an\u00e1lisis de los antecedentes y diversas labores investigativas, los detectives lograron establecer la ubicaci\u00f3n del equipo telef\u00f3nico.<\/p>\n<p>El procedimiento permiti\u00f3 recuperar el dispositivo y detener en flagrancia al imputado, quien manten\u00eda el tel\u00e9fono en su poder.<\/p>\n<p>Los antecedentes fueron puestos a disposici\u00f3n del Ministerio P\u00fablico, que instruy\u00f3 que el detenido fuera presentado ante el Juzgado de Garant\u00eda de Vicu\u00f1a para su respectivo control de detenci\u00f3n.<\/p>\n","protected":false},"excerpt":{"rendered":"<p>Detectives de la Brigada de Investigaci\u00f3n Criminal de la PDI de Vicu\u00f1a recuperaron un tel\u00e9fono celular iPhone 17 Pro Max, avaluado en aproximadamente 1,4 millones de pesos, y detuvieron a un ciudadano colombiano por el delito flagrante de receptaci\u00f3n. Las diligencias se iniciaron a partir de una denuncia por hurto de hallazgo recibida en la &hellip;<\/p>\n","protected":false},"author":3,"featured_media":15701,"comment_status":"open","ping_status":"closed","sticky":false,"template":"","format":"standard","meta":{"footnotes":""},"categories":[2],"tags":[],"class_list":["post-15699","post","type-post","status-publish","format-standard","has-post-thumbnail","hentry","category-regionales"],"_links":{"self":[{"href":"https:\/\/www.elregional.cl\/index.php?rest_route=\/wp\/v2\/posts\/15699","targetHints":{"allow":["GET"]}}],"collection":[{"href":"https:\/\/www.elregional.cl\/index.php?rest_route=\/wp\/v2\/posts"}],"about":[{"href":"https:\/\/www.elregional.cl\/index.php?rest_route=\/wp\/v2\/types\/post"}],"author":[{"embeddable":true,"href":"https:\/\/www.elregional.cl\/index.php?rest_route=\/wp\/v2\/users\/3"}],"replies":[{"embeddable":true,"href":"https:\/\/www.elregional.cl\/index.php?rest_route=%2Fwp%2Fv2%2Fcomments&post=15699"}],"version-history":[{"count":1,"href":"https:\/\/www.elregional.cl\/index.php?rest_route=\/wp\/v2\/posts\/15699\/revisions"}],"predecessor-version":[{"id":15700,"href":"https:\/\/www.elregional.cl\/index.php?rest_route=\/wp\/v2\/posts\/15699\/revisions\/15700"}],"wp:featuredmedia":[{"embeddable":true,"href":"https:\/\/www.elregional.cl\/index.php?rest_route=\/wp\/v2\/media\/15701"}],"wp:attachment":[{"href":"https:\/\/www.elregional.cl\/index.php?rest_route=%2Fwp%2Fv2%2Fmedia&parent=15699"}],"wp:term":[{"taxonomy":"category","embeddable":true,"href":"https:\/\/www.elregional.cl\/index.php?rest_route=%2Fwp%2Fv2%2Fcategories&post=15699"},{"taxonomy":"post_tag","embeddable":true,"href":"https:\/\/www.elregional.cl\/index.php?rest_route=%2Fwp%2Fv2%2Ftags&post=15699"}],"curies":[{"name":"wp","href":"https:\/\/api.w.org\/{rel}","templated":true}]}}