{"id":157,"date":"2024-07-27T00:32:38","date_gmt":"2024-07-27T00:32:38","guid":{"rendered":"https:\/\/www.elregional.cl\/?p=157"},"modified":"2024-07-27T00:32:38","modified_gmt":"2024-07-27T00:32:38","slug":"delincuentes-desvalijan-y-destruyen-la-totalidad-de-los-kioskos-de-suplementeros-en-el-centro-de-coquimbo","status":"publish","type":"post","link":"https:\/\/www.elregional.cl\/?p=157","title":{"rendered":"DELINCUENTES DESVALIJAN Y DESTRUYEN LA TOTALIDAD DE LOS KIOSKOS DE SUPLEMENTEROS EN EL CENTRO DE COQUIMBO."},"content":{"rendered":"<p>Una verdadera pesadilla que no parece acabar han vivido esta semana los miembros del gremio de Suplementeros y Suplementeras de Coquimbo.<\/p>\n<p>Durante estos \u00faltimos siete d\u00edas de manera consecutiva han sufrido robos frustrados, robos, destrucci\u00f3n y desvalijamientos de sus kioskos ubicados en el centro de la comuna puerto. Los delincuentes han desvalijado y vandalisado los m\u00f3dulos del sector El Empalme, calle Colo Colo, Pinto, Garriga, sector Plaza de Armas y Plaza del Domo, en donde estos antisociales, han sustraido la totalidad de las especies, mercader\u00eda, libros, revistas y mobiliario.<\/p>\n<p>Al respecto pudimos obtener la declaraci\u00f3n de una socia del gremio de los suplementeros que nos solicit\u00f3 mantener en secreto su identidad que tambi\u00e9n ha sido v\u00edctima de esta escalada de delincuencia.<\/p>\n<p>\u00abEstamos desesperados con tanta violencia y delincuencia que nos est\u00e1 afectando a nuestros locales&#8230;en una semana han entrado a todos los kioskos del centro..para robar todo o simplemente para destruirlos..\u00bb sentenci\u00f3 esta afectada.<\/p>\n<p>Al respecto tambi\u00e9n denuncian que no son escuchadas, que tanto Seguridad Ciudadana Municipal como la polic\u00eda les se\u00f1alan \u00bb vamos a ver las c\u00e1maras\u00bb, \u00abtomen fotos o graben\u00bb, \u00bb hagan la denuncia\u00bb o \u00abvamos a redoblar los patrullajes\u00bb, pero al final no hay una acci\u00f3n concreta que termine con esta pesadilla.<\/p>\n<p>Intentamos comunicarnos con Carabineros de Coquimbo y Seguridad Ciudadana de la Municipalidad, no atendiendo nuestro llamado y desvi\u00e1ndolo a \u00abgrabadoras\u00bb<img loading=\"lazy\" decoding=\"async\" class=\"alignnone size-medium wp-image-158\" src=\"https:\/\/www.elregional.cl\/wp-content\/uploads\/2024\/07\/IMG-20240726-WA0064-251x300.jpg\" alt=\"\" width=\"251\" height=\"300\" \/><\/p>\n","protected":false},"excerpt":{"rendered":"<p>Una verdadera pesadilla que no parece acabar han vivido esta semana los miembros del gremio de Suplementeros y Suplementeras de Coquimbo. Durante estos \u00faltimos siete d\u00edas de manera consecutiva han sufrido robos frustrados, robos, destrucci\u00f3n y desvalijamientos de sus kioskos ubicados en el centro de la comuna puerto. Los delincuentes han desvalijado y vandalisado los &hellip;<\/p>\n","protected":false},"author":2,"featured_media":0,"comment_status":"closed","ping_status":"closed","sticky":false,"template":"","format":"standard","meta":{"footnotes":""},"categories":[10,2],"tags":[],"class_list":["post-157","post","type-post","status-publish","format-standard","hentry","category-policiales","category-regionales"],"_links":{"self":[{"href":"https:\/\/www.elregional.cl\/index.php?rest_route=\/wp\/v2\/posts\/157","targetHints":{"allow":["GET"]}}],"collection":[{"href":"https:\/\/www.elregional.cl\/index.php?rest_route=\/wp\/v2\/posts"}],"about":[{"href":"https:\/\/www.elregional.cl\/index.php?rest_route=\/wp\/v2\/types\/post"}],"author":[{"embeddable":true,"href":"https:\/\/www.elregional.cl\/index.php?rest_route=\/wp\/v2\/users\/2"}],"replies":[{"embeddable":true,"href":"https:\/\/www.elregional.cl\/index.php?rest_route=%2Fwp%2Fv2%2Fcomments&post=157"}],"version-history":[{"count":1,"href":"https:\/\/www.elregional.cl\/index.php?rest_route=\/wp\/v2\/posts\/157\/revisions"}],"predecessor-version":[{"id":160,"href":"https:\/\/www.elregional.cl\/index.php?rest_route=\/wp\/v2\/posts\/157\/revisions\/160"}],"wp:attachment":[{"href":"https:\/\/www.elregional.cl\/index.php?rest_route=%2Fwp%2Fv2%2Fmedia&parent=157"}],"wp:term":[{"taxonomy":"category","embeddable":true,"href":"https:\/\/www.elregional.cl\/index.php?rest_route=%2Fwp%2Fv2%2Fcategories&post=157"},{"taxonomy":"post_tag","embeddable":true,"href":"https:\/\/www.elregional.cl\/index.php?rest_route=%2Fwp%2Fv2%2Ftags&post=157"}],"curies":[{"name":"wp","href":"https:\/\/api.w.org\/{rel}","templated":true}]}}