{"id":15708,"date":"2026-09-04T16:15:33","date_gmt":"2026-09-04T20:15:33","guid":{"rendered":"https:\/\/www.elregional.cl\/?p=15708"},"modified":"2026-09-04T16:15:33","modified_gmt":"2026-09-04T20:15:33","slug":"fiscalia-ordena-busqueda-de-condenado-que-se-fugo-en-atacama","status":"publish","type":"post","link":"https:\/\/www.elregional.cl\/?p=15708","title":{"rendered":"Fiscal\u00eda ordena b\u00fasqueda de condenado que se fug\u00f3 en Atacama"},"content":{"rendered":"<p lang=\"es-ES\" style=\"text-align: left;\" align=\"justify\">La Fiscal\u00eda Regional de Atacama informa que, a ra\u00edz de la fuga de un condenado a 10 a\u00f1os de r\u00e9gimen cerrado por el delito de homicidio calificado, se dispusieron de manera inmediata diligencias destinadas a lograr su ubicaci\u00f3n y detenci\u00f3n, as\u00ed como a esclarecer las circunstancias que hicieron posible su evasi\u00f3n.<\/p>\n<p lang=\"es-ES\" style=\"text-align: left;\" align=\"justify\">Respecto de los acontecimientosqueantecedieron a este hecho, resulta necesario precisarquela salidadelcondenadofueautorizadaporelJuzgadodeGarant\u00edadeCopiap\u00f3,apetici\u00f3ndesu defensaysinlarealizaci\u00f3ndeunaaudienciapreviaenquepudieraintervenirelMinisterioP\u00fablico.<\/p>\n<p lang=\"es-ES\" style=\"text-align: left;\" align=\"justify\">Tan pronto la Fiscal\u00eda tom\u00f3 conocimiento de la fuga, se solicit\u00f3 la correspondiente orden de detenci\u00f3n y se instruy\u00f3 su b\u00fasqueda tanto a la PDI como a Carabineros de Chile, despleg\u00e1ndose diligencias dentro y fuera de la regi\u00f3n. Paralelamente, se adoptaron medidas destinadas a resguardar la seguridad de las v\u00edctimas y testigos vinculados al delito por el cual el pr\u00f3fugo fue condenado.<\/p>\n<p lang=\"es-ES\" style=\"text-align: left;\" align=\"justify\">Asimismo, la Fiscal\u00eda inicio una investigaci\u00f3n destinada a determinar con precisi\u00f3n c\u00f3mo se produjo la fuga, establecer si existi\u00f3 participaci\u00f3n o facilitaci\u00f3n de terceros y perseguir las eventuales responsabilidades penales que de estos hechos pudieran derivarse.<\/p>\n<p lang=\"es-ES\" style=\"text-align: left;\" align=\"justify\">LaFiscal\u00edaRegionaldeAtacamacontinuar\u00e1desarrollandotodaslasdiligenciasnecesariaspara conseguirlapronta detenci\u00f3ndelcondenadoyesclarecercompletamentelascircunstanciasde suevasi\u00f3n.<\/p>\n","protected":false},"excerpt":{"rendered":"<p>La Fiscal\u00eda Regional de Atacama informa que, a ra\u00edz de la fuga de un condenado a 10 a\u00f1os de r\u00e9gimen cerrado por el delito de homicidio calificado, se dispusieron de manera inmediata diligencias destinadas a lograr su ubicaci\u00f3n y detenci\u00f3n, as\u00ed como a esclarecer las circunstancias que hicieron posible su evasi\u00f3n. Respecto de los acontecimientosqueantecedieron &hellip;<\/p>\n","protected":false},"author":3,"featured_media":15710,"comment_status":"open","ping_status":"closed","sticky":false,"template":"","format":"standard","meta":{"footnotes":""},"categories":[16],"tags":[],"class_list":["post-15708","post","type-post","status-publish","format-standard","has-post-thumbnail","hentry","category-atacama"],"_links":{"self":[{"href":"https:\/\/www.elregional.cl\/index.php?rest_route=\/wp\/v2\/posts\/15708","targetHints":{"allow":["GET"]}}],"collection":[{"href":"https:\/\/www.elregional.cl\/index.php?rest_route=\/wp\/v2\/posts"}],"about":[{"href":"https:\/\/www.elregional.cl\/index.php?rest_route=\/wp\/v2\/types\/post"}],"author":[{"embeddable":true,"href":"https:\/\/www.elregional.cl\/index.php?rest_route=\/wp\/v2\/users\/3"}],"replies":[{"embeddable":true,"href":"https:\/\/www.elregional.cl\/index.php?rest_route=%2Fwp%2Fv2%2Fcomments&post=15708"}],"version-history":[{"count":1,"href":"https:\/\/www.elregional.cl\/index.php?rest_route=\/wp\/v2\/posts\/15708\/revisions"}],"predecessor-version":[{"id":15709,"href":"https:\/\/www.elregional.cl\/index.php?rest_route=\/wp\/v2\/posts\/15708\/revisions\/15709"}],"wp:featuredmedia":[{"embeddable":true,"href":"https:\/\/www.elregional.cl\/index.php?rest_route=\/wp\/v2\/media\/15710"}],"wp:attachment":[{"href":"https:\/\/www.elregional.cl\/index.php?rest_route=%2Fwp%2Fv2%2Fmedia&parent=15708"}],"wp:term":[{"taxonomy":"category","embeddable":true,"href":"https:\/\/www.elregional.cl\/index.php?rest_route=%2Fwp%2Fv2%2Fcategories&post=15708"},{"taxonomy":"post_tag","embeddable":true,"href":"https:\/\/www.elregional.cl\/index.php?rest_route=%2Fwp%2Fv2%2Ftags&post=15708"}],"curies":[{"name":"wp","href":"https:\/\/api.w.org\/{rel}","templated":true}]}}