{"id":15711,"date":"2026-09-04T17:15:13","date_gmt":"2026-09-04T21:15:13","guid":{"rendered":"https:\/\/www.elregional.cl\/?p=15711"},"modified":"2026-09-04T17:15:14","modified_gmt":"2026-09-04T21:15:14","slug":"comunidad-y-municipio-unen-esfuerzos-para-proteger-un-ecosistema-clave-para-coquimbo","status":"publish","type":"post","link":"https:\/\/www.elregional.cl\/?p=15711","title":{"rendered":"Comunidad y municipio unen esfuerzos para proteger un ecosistema clave para Coquimbo"},"content":{"rendered":"<p align=\"justify\"><strong><span style=\"font-size: medium;\">Estudiantes, funcionarios municipales, organizaciones y empresas privadas participaron en una jornada de limpieza y habilitaci\u00f3n de senderos en las dunas de La Herradura, impulsando la conservaci\u00f3n de uno de los espacios naturales m\u00e1s valiosos y emblem\u00e1ticos de la comuna.<\/span><\/strong><!--more--><\/p>\n<p align=\"justify\">\n<p align=\"justify\">\n<p align=\"justify\"><span style=\"font-size: medium;\">Bajo un hermoso cielo iluminado por el sol, el sonido del mar como tel\u00f3n de fondo y el compromiso de decenas de personas unidas por una causa com\u00fan, la Municipalidad de Coquimbo encabez\u00f3 una jornada de recuperaci\u00f3n ambiental en las dunas de La Herradura, uno de los ecosistemas m\u00e1s valiosos y emblem\u00e1ticos de la comuna. Estudiantes, funcionarios municipales, vecinos y empresas privadas trabajaron codo a codo para limpiar el sector y habilitar accesos a los senderos, dando un nuevo paso en la protecci\u00f3n de un espacio natural que resguarda biodiversidad, protege a las comunidades costeras frente a fen\u00f3menos naturales y forma parte de la identidad y el patrimonio local.<\/span><\/p>\n<p align=\"justify\"><span style=\"font-size: medium;\">La actividad fue liderada por funcionarios de la Secretar\u00eda Comunal de Planificaci\u00f3n (SECPLAN), la Direcci\u00f3n de Gesti\u00f3n Ambiental y Zoonosis, la Direcci\u00f3n de Aseo y Ornato, la Oficina de Deportes y Seguridad P\u00fablica, junto al Colegio La Herradura y privados comprometidas con el cuidado del medioambiente. La jornada contempl\u00f3 labores de limpieza, retiro de residuos, recolecci\u00f3n de neum\u00e1ticos abandonados y la construcci\u00f3n de accesos y delimitaci\u00f3n de senderos, buscando ordenar el tr\u00e1nsito de visitantes y contribuir a la conservaci\u00f3n de este valioso ecosistema.<\/span><\/p>\n<p align=\"justify\"><span style=\"font-size: medium;\">Aldo Narv\u00e1ez Carrasco, coordinador de la Oficina de Patrimonio de SECPLAN, explic\u00f3 que el proyecto busca recuperar las dunas mediante acciones concretas de conservaci\u00f3n y educaci\u00f3n ambiental. \u201cLa idea es restringir el tr\u00e1nsito por sectores sensibles y habilitar senderos que permitan recorrer este lugar sin da\u00f1arlo. Muchas veces se desconoce la importancia de las dunas, pero si lleg\u00e1ramos a perderlas, se ver\u00edan afectadas las playas y quienes viven cerca de ellas\u201d, indic\u00f3.<\/span><\/p>\n<p align=\"justify\"><span style=\"font-size: medium;\">A\u00f1adi\u00f3 que las dunas constituyen el hogar de numerosas especies de flora y fauna. \u201cAqu\u00ed habitan aves, lagartijas, escarabajos y distintas especies vegetales que forman parte de este ecosistema. Adem\u00e1s, estos espacios cumplen una funci\u00f3n clave para enfrentar lluvias intensas y otros fen\u00f3menos naturales\u201d, destac\u00f3.<\/span><\/p>\n<p align=\"justify\"><span style=\"font-size: medium;\">En tanto, Pedro V\u00e9liz destac\u00f3 que la jornada no solo permiti\u00f3 limpiar y ordenar el sector, sino tambi\u00e9n generar educaci\u00f3n ambiental y sentido de pertenencia. Todo en el marco del Plan de Acci\u00f3n Comunal de Cambio Clim\u00e1tico (PACCC) 2026\u20132031 que contempla 19 medidas para avanzar hacia una comuna m\u00e1s resiliente, sostenible y clim\u00e1ticamente responsable. \u201cEsta es una hermosa recuperaci\u00f3n de un campo dunar que estaba pr\u00e1cticamente perdido. Aqu\u00ed participaron diversas unidades municipales y la comunidad y m\u00e1s que una jornada de limpieza, fue una actividad educativa para poner en valor nuestro patrimonio natural y comprender la importancia que tienen estos ecosistemas para enfrentar fen\u00f3menos como inundaciones y lluvias intensas\u201d, se\u00f1al\u00f3.<\/span><\/p>\n<p align=\"justify\"><span style=\"font-size: medium;\">El director reiter\u00f3 el llamado a la comunidad a proteger y respetar los senderos habilitados, evitando intervenir las \u00e1reas sensibles del ecosistema. Asimismo, invit\u00f3 a organizaciones sociales, establecimientos educacionales y vecinos a sumarse a futuras actividades de conservaci\u00f3n y voluntariado, fortaleciendo as\u00ed el trabajo conjunto por la protecci\u00f3n de los ecosistemas que dan identidad y vida a la comuna.<\/span><\/p>\n<p align=\"justify\"><span style=\"font-size: medium;\">Francisco Varela, encargado de la Oficina de Deportes, valor\u00f3 el esfuerzo conjunto por recuperar espacios naturales de uso comunitario. \u201cEstamos frente a un lugar de enorme valor paisaj\u00edstico y ambiental. Todas las inversiones y esfuerzos que realiza el municipio en estos sectores son una inversi\u00f3n para las personas. Es fundamental que la comunidad tambi\u00e9n se comprometa con su cuidado para que estos espacios puedan mantenerse en el tiempo\u201d, indic\u00f3.<\/span><\/p>\n<p align=\"justify\"><span style=\"font-size: medium;\">Zelmira Cabredoni, encargada de Medio Ambiente y del Taller de Ciencias del Colegio La Herradura, destac\u00f3 el compromiso de los estudiantes con el entorno natural. \u201cHoy d\u00eda vinieron 26 estudiantes. Nuestro sello como establecimiento es la conciencia ambiental y buscamos que los j\u00f3venes comprendan la importancia de proteger nuestro entorno. Lo que queremos es que esta experiencia trascienda, que ellos puedan compartirla con otros compa\u00f1eros y convertirse en promotores del cuidado de las dunas y de toda la zona costera\u201d, se\u00f1al\u00f3.<\/span><\/p>\n<p align=\"justify\"><span style=\"font-size: medium;\">La docente agreg\u00f3 que la protecci\u00f3n de estos espacios requiere el compromiso de todos los actores de la comunidad. \u201cSin las dunas perdemos una medida de protecci\u00f3n frente al avance del mar. No basta solamente con medidas gubernamentales; tenemos que trabajar todos en conjunto para cuidar estos ecosistemas que son parte del futuro de las nuevas generaciones\u201d, afirm\u00f3.<\/span><\/p>\n<p align=\"justify\"><span style=\"font-size: medium;\">Entre los participantes estuvo Oliver Herrera, estudiante de sexto a\u00f1o del Colegio La Herradura, quien valor\u00f3 la instancia de contribuir activamente al cuidado del medio ambiente. \u201cMe parece bien ayudar al medio ambiente. He recogido basura y ahora estoy ayudando a poner cuerdas en los senderos. Las dunas son bonitas y hay que cuidarlas muy bien\u201d, coment\u00f3.<\/span><\/p>\n<p align=\"justify\"><span style=\"font-size: medium;\">Desde el sector privado, Ignacio Corral, representante de una empresa gestora de residuos de la Regi\u00f3n de Coquimbo, se\u00f1al\u00f3 que la instancia permiti\u00f3 retirar cerca de una tonelada de neum\u00e1ticos abandonados. \u201cNos motiv\u00f3 participar porque ayudar al medio ambiente es parte de nuestro trabajo diario. Este tipo de iniciativas son muy positivas y deber\u00edan desarrollarse con mayor frecuencia, porque el cuidado ambiental es una tarea de toda la comunidad\u201d, expres\u00f3.<\/span><\/p>\n<p align=\"justify\"><span style=\"font-size: medium;\">Cabe recordar que, durante los \u00faltimos a\u00f1os, el municipio ha impulsado diversas iniciativas para recuperar y poner en valor este sector, incluyendo mejoras en el borde costero, labores permanentes de limpieza y, ahora, la habilitaci\u00f3n de senderos que permiten compatibilizar el acceso de la comunidad con la protecci\u00f3n de un ecosistema \u00fanico.<\/span><\/p>\n","protected":false},"excerpt":{"rendered":"<p>Estudiantes, funcionarios municipales, organizaciones y empresas privadas participaron en una jornada de limpieza y habilitaci\u00f3n de senderos en las dunas de La Herradura, impulsando la conservaci\u00f3n de uno de los espacios naturales m\u00e1s valiosos y emblem\u00e1ticos de la comuna. Bajo un hermoso cielo iluminado por el sol, el sonido del mar como tel\u00f3n de fondo &hellip;<\/p>\n","protected":false},"author":3,"featured_media":15713,"comment_status":"open","ping_status":"closed","sticky":false,"template":"","format":"standard","meta":{"footnotes":""},"categories":[13],"tags":[],"class_list":["post-15711","post","type-post","status-publish","format-standard","has-post-thumbnail","hentry","category-coquimbo"],"_links":{"self":[{"href":"https:\/\/www.elregional.cl\/index.php?rest_route=\/wp\/v2\/posts\/15711","targetHints":{"allow":["GET"]}}],"collection":[{"href":"https:\/\/www.elregional.cl\/index.php?rest_route=\/wp\/v2\/posts"}],"about":[{"href":"https:\/\/www.elregional.cl\/index.php?rest_route=\/wp\/v2\/types\/post"}],"author":[{"embeddable":true,"href":"https:\/\/www.elregional.cl\/index.php?rest_route=\/wp\/v2\/users\/3"}],"replies":[{"embeddable":true,"href":"https:\/\/www.elregional.cl\/index.php?rest_route=%2Fwp%2Fv2%2Fcomments&post=15711"}],"version-history":[{"count":1,"href":"https:\/\/www.elregional.cl\/index.php?rest_route=\/wp\/v2\/posts\/15711\/revisions"}],"predecessor-version":[{"id":15712,"href":"https:\/\/www.elregional.cl\/index.php?rest_route=\/wp\/v2\/posts\/15711\/revisions\/15712"}],"wp:featuredmedia":[{"embeddable":true,"href":"https:\/\/www.elregional.cl\/index.php?rest_route=\/wp\/v2\/media\/15713"}],"wp:attachment":[{"href":"https:\/\/www.elregional.cl\/index.php?rest_route=%2Fwp%2Fv2%2Fmedia&parent=15711"}],"wp:term":[{"taxonomy":"category","embeddable":true,"href":"https:\/\/www.elregional.cl\/index.php?rest_route=%2Fwp%2Fv2%2Fcategories&post=15711"},{"taxonomy":"post_tag","embeddable":true,"href":"https:\/\/www.elregional.cl\/index.php?rest_route=%2Fwp%2Fv2%2Ftags&post=15711"}],"curies":[{"name":"wp","href":"https:\/\/api.w.org\/{rel}","templated":true}]}}