{"id":15714,"date":"2026-09-04T17:24:45","date_gmt":"2026-09-04T21:24:45","guid":{"rendered":"https:\/\/www.elregional.cl\/?p=15714"},"modified":"2026-09-04T17:24:46","modified_gmt":"2026-09-04T21:24:46","slug":"betis-de-pellegrini-da-el-golpe-ante-el-real-madrid-y-lo-vence-en-sevilla","status":"publish","type":"post","link":"https:\/\/www.elregional.cl\/?p=15714","title":{"rendered":"Betis de Pellegrini da el golpe ante el Real Madrid y lo vence en Sevilla"},"content":{"rendered":"<p>El Real Betis, dirigido por Manuel Pellegrini, consigui\u00f3 una importante victoria por 1-0 sobre el Real Madrid por la cuarta fecha de LaLiga, en un encuentro disputado en el estadio La Cartuja de Sevilla.<\/p>\n<p>El conjunto verdiblanco resisti\u00f3 la presi\u00f3n del elenco dirigido por Jos\u00e9 Mourinho y encontr\u00f3 el gol en el tramo final del partido, resultado que le permite recuperarse tras la derrota sufrida en la jornada anterior ante el Levante.<\/p>\n<p>La \u00fanica anotaci\u00f3n lleg\u00f3 a los 80 minutos. Tras un tiro de esquina desde la derecha, un cabezazo exigi\u00f3 una gran intervenci\u00f3n de Thibaut Courtois. Sin embargo, el rebote qued\u00f3 en los pies del delantero irland\u00e9s Troy Parrott, quien defini\u00f3 con el arco descubierto para marcar el 1-0.<\/p>\n<p>Tras ponerse en ventaja, el Betis se repleg\u00f3 y defendi\u00f3 con orden para contener los intentos del cuadro madridista, que busc\u00f3 el empate hasta los \u00faltimos minutos.<\/p>\n<p>La pol\u00e9mica se instal\u00f3 a los 88\u2019, cuando Carlos Esp\u00ed marc\u00f3 mediante una vistosa definici\u00f3n dentro del \u00e1rea. La conquista, sin embargo, fue anulada luego de la revisi\u00f3n del VAR por posici\u00f3n de adelanto.<\/p>\n<p>El Real Madrid tuvo una \u00faltima oportunidad en los descuentos. A los 90+4\u2019, Kylian Mbapp\u00e9 ejecut\u00f3 un lanzamiento penal, pero el delantero franc\u00e9s no pudo convertir y desperdici\u00f3 la ocasi\u00f3n de rescatar al menos un punto.<\/p>\n<p>Con este resultado, el Real Betis alcanz\u00f3 los nueve puntos y qued\u00f3 moment\u00e1neamente igualado con el Real Madrid en la parte alta de la clasificaci\u00f3n, ambos con nueve unidades cumplida la cuarta jornada.<\/p>\n","protected":false},"excerpt":{"rendered":"<p>El Real Betis, dirigido por Manuel Pellegrini, consigui\u00f3 una importante victoria por 1-0 sobre el Real Madrid por la cuarta fecha de LaLiga, en un encuentro disputado en el estadio La Cartuja de Sevilla. El conjunto verdiblanco resisti\u00f3 la presi\u00f3n del elenco dirigido por Jos\u00e9 Mourinho y encontr\u00f3 el gol en el tramo final del &hellip;<\/p>\n","protected":false},"author":3,"featured_media":15716,"comment_status":"open","ping_status":"closed","sticky":false,"template":"","format":"standard","meta":{"footnotes":""},"categories":[5],"tags":[],"class_list":["post-15714","post","type-post","status-publish","format-standard","has-post-thumbnail","hentry","category-deportes"],"_links":{"self":[{"href":"https:\/\/www.elregional.cl\/index.php?rest_route=\/wp\/v2\/posts\/15714","targetHints":{"allow":["GET"]}}],"collection":[{"href":"https:\/\/www.elregional.cl\/index.php?rest_route=\/wp\/v2\/posts"}],"about":[{"href":"https:\/\/www.elregional.cl\/index.php?rest_route=\/wp\/v2\/types\/post"}],"author":[{"embeddable":true,"href":"https:\/\/www.elregional.cl\/index.php?rest_route=\/wp\/v2\/users\/3"}],"replies":[{"embeddable":true,"href":"https:\/\/www.elregional.cl\/index.php?rest_route=%2Fwp%2Fv2%2Fcomments&post=15714"}],"version-history":[{"count":1,"href":"https:\/\/www.elregional.cl\/index.php?rest_route=\/wp\/v2\/posts\/15714\/revisions"}],"predecessor-version":[{"id":15715,"href":"https:\/\/www.elregional.cl\/index.php?rest_route=\/wp\/v2\/posts\/15714\/revisions\/15715"}],"wp:featuredmedia":[{"embeddable":true,"href":"https:\/\/www.elregional.cl\/index.php?rest_route=\/wp\/v2\/media\/15716"}],"wp:attachment":[{"href":"https:\/\/www.elregional.cl\/index.php?rest_route=%2Fwp%2Fv2%2Fmedia&parent=15714"}],"wp:term":[{"taxonomy":"category","embeddable":true,"href":"https:\/\/www.elregional.cl\/index.php?rest_route=%2Fwp%2Fv2%2Fcategories&post=15714"},{"taxonomy":"post_tag","embeddable":true,"href":"https:\/\/www.elregional.cl\/index.php?rest_route=%2Fwp%2Fv2%2Ftags&post=15714"}],"curies":[{"name":"wp","href":"https:\/\/api.w.org\/{rel}","templated":true}]}}