{"id":15717,"date":"2026-09-04T17:26:47","date_gmt":"2026-09-04T21:26:47","guid":{"rendered":"https:\/\/www.elregional.cl\/?p=15717"},"modified":"2026-09-04T17:26:48","modified_gmt":"2026-09-04T21:26:48","slug":"a-cuatro-anos-del-rechazo-la-derecha-impulsa-proyecto-para-incorporar-el-proceso-constitucional-a-la-ensenanza-media","status":"publish","type":"post","link":"https:\/\/www.elregional.cl\/?p=15717","title":{"rendered":"A cuatro a\u00f1os del Rechazo, la derecha impulsa proyecto para incorporar el proceso constitucional a la ense\u00f1anza media"},"content":{"rendered":"<h1><\/h1>\n<p>A cuatro a\u00f1os del plebiscito constitucional del 4 de septiembre de 2022, en el que el 62% de los votantes rechaz\u00f3 la propuesta elaborada por la Convenci\u00f3n Constitucional, los partidos de derecha preparan distintas actividades de conmemoraci\u00f3n y la bancada de diputados de la UDI anunci\u00f3 una iniciativa para llevar este proceso a las aulas.<\/p>\n<p>El proyecto busca modificar la Ley General de Educaci\u00f3n para incorporar el per\u00edodo comprendido entre el estallido social de 2019 y el plebiscito de 2022 dentro de las bases curriculares obligatorias de la asignatura de Historia en la ense\u00f1anza media.<\/p>\n<p>La propuesta fue presentada por los diputados Sergio Bobadilla, Eduardo Cretton y Ricardo Neumann, quienes sostienen que los estudiantes deben conocer el proceso constitucional y los antecedentes que llevaron a la ciudadan\u00eda a rechazar la propuesta de nueva Constituci\u00f3n.<\/p>\n<p>El diputado Eduardo Cretton, quien particip\u00f3 del proceso constitucional de 2022, destac\u00f3 la fecha como un punto de encuentro para los sectores opositores que actualmente respaldan al Gobierno del Presidente Jos\u00e9 Antonio Kast.<\/p>\n<p>El parlamentario afirm\u00f3 que resulta importante recordar el plebiscito para mantener presente, a su juicio, el riesgo que enfrent\u00f3 el pa\u00eds durante ese per\u00edodo y plante\u00f3 que el resultado del Rechazo podr\u00eda convertirse en un punto de partida para una futura coalici\u00f3n pol\u00edtica de derecha.<\/p>\n<h2>Actos de conmemoraci\u00f3n<\/h2>\n<p>En paralelo, partidos de Chile Vamos y el Partido Republicano desarrollar\u00e1n distintas actividades para recordar el triunfo del Rechazo.<\/p>\n<p>Para esta tarde est\u00e1 programado el encuentro denominado <strong>\u201cCuatro a\u00f1os del Rechazo: una historia que contar, un futuro que construir\u201d<\/strong>, que reunir\u00e1 a parlamentarios, exconvencionales y protagonistas de la campa\u00f1a.<\/p>\n<p>Entre los asistentes estar\u00e1n el presidente de la C\u00e1mara de Diputados, Jorge Alessandri (UDI), y el senador Luciano Cruz-Coke (Ev\u00f3poli).<\/p>\n<p>En la antesala de la actividad, el senador Rojo Edwards cuestion\u00f3 el proceso constitucional iniciado tras el estallido social y sostuvo que el denominado cambio refundacional constituy\u00f3 un fracaso y tuvo consecuencias negativas para el pa\u00eds.<\/p>\n<p>El parlamentario afirm\u00f3 adem\u00e1s que una de las principales lecciones del proceso, a su juicio, es evitar que sectores que recurran a la violencia puedan impulsar proyectos que afecten las libertades de los ciudadanos.<\/p>\n","protected":false},"excerpt":{"rendered":"<p>A cuatro a\u00f1os del plebiscito constitucional del 4 de septiembre de 2022, en el que el 62% de los votantes rechaz\u00f3 la propuesta elaborada por la Convenci\u00f3n Constitucional, los partidos de derecha preparan distintas actividades de conmemoraci\u00f3n y la bancada de diputados de la UDI anunci\u00f3 una iniciativa para llevar este proceso a las aulas. &hellip;<\/p>\n","protected":false},"author":3,"featured_media":15719,"comment_status":"open","ping_status":"closed","sticky":false,"template":"","format":"standard","meta":{"footnotes":""},"categories":[3],"tags":[],"class_list":["post-15717","post","type-post","status-publish","format-standard","has-post-thumbnail","hentry","category-pais"],"_links":{"self":[{"href":"https:\/\/www.elregional.cl\/index.php?rest_route=\/wp\/v2\/posts\/15717","targetHints":{"allow":["GET"]}}],"collection":[{"href":"https:\/\/www.elregional.cl\/index.php?rest_route=\/wp\/v2\/posts"}],"about":[{"href":"https:\/\/www.elregional.cl\/index.php?rest_route=\/wp\/v2\/types\/post"}],"author":[{"embeddable":true,"href":"https:\/\/www.elregional.cl\/index.php?rest_route=\/wp\/v2\/users\/3"}],"replies":[{"embeddable":true,"href":"https:\/\/www.elregional.cl\/index.php?rest_route=%2Fwp%2Fv2%2Fcomments&post=15717"}],"version-history":[{"count":1,"href":"https:\/\/www.elregional.cl\/index.php?rest_route=\/wp\/v2\/posts\/15717\/revisions"}],"predecessor-version":[{"id":15718,"href":"https:\/\/www.elregional.cl\/index.php?rest_route=\/wp\/v2\/posts\/15717\/revisions\/15718"}],"wp:featuredmedia":[{"embeddable":true,"href":"https:\/\/www.elregional.cl\/index.php?rest_route=\/wp\/v2\/media\/15719"}],"wp:attachment":[{"href":"https:\/\/www.elregional.cl\/index.php?rest_route=%2Fwp%2Fv2%2Fmedia&parent=15717"}],"wp:term":[{"taxonomy":"category","embeddable":true,"href":"https:\/\/www.elregional.cl\/index.php?rest_route=%2Fwp%2Fv2%2Fcategories&post=15717"},{"taxonomy":"post_tag","embeddable":true,"href":"https:\/\/www.elregional.cl\/index.php?rest_route=%2Fwp%2Fv2%2Ftags&post=15717"}],"curies":[{"name":"wp","href":"https:\/\/api.w.org\/{rel}","templated":true}]}}