{"id":15726,"date":"2026-09-04T18:14:00","date_gmt":"2026-09-04T22:14:00","guid":{"rendered":"https:\/\/www.elregional.cl\/?p=15726"},"modified":"2026-09-04T18:14:04","modified_gmt":"2026-09-04T22:14:04","slug":"municipio-de-ovalle-repudia-robo-de-banderas-instaladas-para-las-fiestas-patrias","status":"publish","type":"post","link":"https:\/\/www.elregional.cl\/?p=15726","title":{"rendered":"Municipio de Ovalle repudia robo de banderas instaladas para las Fiestas Patrias"},"content":{"rendered":"<p style=\"text-align: left;\" align=\"justify\">El municipio hizo un llamado a la comunidad a denunciar estos hechos y a no comprar banderas en lugares no establecidos. Los elementos hab\u00edan sido instalados como parte de la ornamentaci\u00f3n que prepara la comuna para las celebraciones de septiembre.<\/p>\n<p style=\"text-align: left;\" align=\"justify\">La Municipalidad de Ovalle manifest\u00f3 su total repudio ante el robo de las banderas instaladas en el Puente La Chimba, las que formaban parte de los trabajos de ornamentaci\u00f3n que se est\u00e1n desarrollando en distintos puntos de la comuna con motivo de las Fiestas Patrias 2026.<\/p>\n<p style=\"text-align: left;\" align=\"justify\">Desde el municipio se\u00f1alaron que este tipo de acciones afectan el trabajo que se est\u00e1 realizando para preparar la ciudad y generar un ambiente festivo para las familias ovallinas y quienes visiten la comuna durante septiembre.<\/p>\n<p style=\"text-align: left;\" align=\"justify\">Al respecto, el alcalde de Ovalle, H\u00e9ctor Vega Campusano manifest\u00f3 su repudio \u201cante el robo de las banderas que instalamos en el Puente La Chimba, como parte de la ornamentaci\u00f3n que estamos realizando en distintos sectores de nuestra comuna para recibir las Fiestas Patrias. Como municipio estamos haciendo un esfuerzo para que Ovalle se vista de nuestros colores patrios, para que nuestras familias puedan disfrutar de una ciudad bonita, alegre y llena de nuestros s\u00edmbolos patrios. Por eso, resulta lamentable que algunas personas destruyan o se apropien de elementos que son de todos los ovallinos\u201d indic\u00f3 la autoridad comunal.<\/p>\n<p style=\"text-align: left;\" align=\"justify\">Por ello, se hizo un llamado a la comunidad a denunciar ante Carabineros o las autoridades correspondientes si son testigos de estos hechos o cuentan con informaci\u00f3n sobre los responsables. Asimismo, se solicit\u00f3 no comprar banderas en lugares no establecidos, especialmente cuando sean ofrecidas en circunstancias sospechosas, ya que podr\u00edan corresponder a elementos sustra\u00eddos.<\/p>\n<p style=\"text-align: left;\" align=\"justify\">Durante estos d\u00edas, equipos municipales se encuentran trabajando en la ornamentaci\u00f3n de diversos sectores de la comuna con banderas nacionales y comunales. Entre ellos se encuentran la Alameda, desde el nudo vial hasta la 3\u00aa Comisar\u00eda de Carabineros, la Plaza de Armas, el Puente La Chimba y el Puente Fiscal.<\/p>\n<p style=\"text-align: left;\" align=\"justify\">Tambi\u00e9n se inici\u00f3 el pintado de las tradicionales letras de Ovalle con los colores patrios, ubicadas en Magallanes Moure y Villa El Portal, mientras que pr\u00f3ximamente se contempla realizar este mismo trabajo en Cerrillos de Tamaya.<\/p>\n<p style=\"text-align: left;\" align=\"justify\">Adem\u00e1s, durante el fin de semana se reforzar\u00e1 la ornamentaci\u00f3n de la Avenida Costanera, desde La Chimba hasta Los Pe\u00f1ones, uno de los sectores de mayor tr\u00e1nsito de la comuna.<\/p>\n","protected":false},"excerpt":{"rendered":"<p>El municipio hizo un llamado a la comunidad a denunciar estos hechos y a no comprar banderas en lugares no establecidos. Los elementos hab\u00edan sido instalados como parte de la ornamentaci\u00f3n que prepara la comuna para las celebraciones de septiembre. La Municipalidad de Ovalle manifest\u00f3 su total repudio ante el robo de las banderas instaladas &hellip;<\/p>\n","protected":false},"author":3,"featured_media":15728,"comment_status":"open","ping_status":"closed","sticky":false,"template":"","format":"standard","meta":{"footnotes":""},"categories":[2],"tags":[],"class_list":["post-15726","post","type-post","status-publish","format-standard","has-post-thumbnail","hentry","category-regionales"],"_links":{"self":[{"href":"https:\/\/www.elregional.cl\/index.php?rest_route=\/wp\/v2\/posts\/15726","targetHints":{"allow":["GET"]}}],"collection":[{"href":"https:\/\/www.elregional.cl\/index.php?rest_route=\/wp\/v2\/posts"}],"about":[{"href":"https:\/\/www.elregional.cl\/index.php?rest_route=\/wp\/v2\/types\/post"}],"author":[{"embeddable":true,"href":"https:\/\/www.elregional.cl\/index.php?rest_route=\/wp\/v2\/users\/3"}],"replies":[{"embeddable":true,"href":"https:\/\/www.elregional.cl\/index.php?rest_route=%2Fwp%2Fv2%2Fcomments&post=15726"}],"version-history":[{"count":1,"href":"https:\/\/www.elregional.cl\/index.php?rest_route=\/wp\/v2\/posts\/15726\/revisions"}],"predecessor-version":[{"id":15727,"href":"https:\/\/www.elregional.cl\/index.php?rest_route=\/wp\/v2\/posts\/15726\/revisions\/15727"}],"wp:featuredmedia":[{"embeddable":true,"href":"https:\/\/www.elregional.cl\/index.php?rest_route=\/wp\/v2\/media\/15728"}],"wp:attachment":[{"href":"https:\/\/www.elregional.cl\/index.php?rest_route=%2Fwp%2Fv2%2Fmedia&parent=15726"}],"wp:term":[{"taxonomy":"category","embeddable":true,"href":"https:\/\/www.elregional.cl\/index.php?rest_route=%2Fwp%2Fv2%2Fcategories&post=15726"},{"taxonomy":"post_tag","embeddable":true,"href":"https:\/\/www.elregional.cl\/index.php?rest_route=%2Fwp%2Fv2%2Ftags&post=15726"}],"curies":[{"name":"wp","href":"https:\/\/api.w.org\/{rel}","templated":true}]}}