{"id":15732,"date":"2026-09-04T22:05:21","date_gmt":"2026-09-05T02:05:21","guid":{"rendered":"https:\/\/www.elregional.cl\/?p=15732"},"modified":"2026-09-04T22:05:24","modified_gmt":"2026-09-05T02:05:24","slug":"santiago-wanderers-vence-a-iquique-y-se-mantiene-en-la-cima-de-la-liga-de-ascenso","status":"publish","type":"post","link":"https:\/\/www.elregional.cl\/?p=15732","title":{"rendered":"Santiago Wanderers vence a Iquique y se mantiene en la cima de la Liga de Ascenso"},"content":{"rendered":"<h1><\/h1>\n<p>Santiago Wanderers derrot\u00f3 por 1-0 a Deportes Iquique en el inicio de la fecha 24 de la Liga de Ascenso y asegur\u00f3, al menos por una jornada m\u00e1s, su permanencia en lo m\u00e1s alto de la clasificaci\u00f3n.<\/p>\n<p>La \u00fanica conquista del encuentro lleg\u00f3 a los 25 minutos. Joaqu\u00edn Silva defini\u00f3 ante la salida del arquero Daniel Castillo y su remate termin\u00f3 superando tambi\u00e9n el intento de Felipe Espinoza, quien no logr\u00f3 despejar el bal\u00f3n sobre la l\u00ednea.<\/p>\n<p>Los \u201cDragones Celestes\u201d buscaron intensamente la igualdad durante el segundo tiempo, pero el conjunto porte\u00f1o consigui\u00f3 mantener el orden defensivo y sostuvo la m\u00ednima ventaja hasta el final en el estadio Lucio Fari\u00f1a de Quillota.<\/p>\n<p>La jugada m\u00e1s pol\u00e9mica ocurri\u00f3 en el minuto 90, cuando el \u00e1rbitro Mario Salvo sancion\u00f3 un penal a favor de Iquique. Sin embargo, el VAR lo llam\u00f3 a revisar la acci\u00f3n y el juez revirti\u00f3 su decisi\u00f3n luego de advertir que Sergio Felipe hab\u00eda alcanzado a tocar el bal\u00f3n en su barrida ante Sim\u00f3n Contreras.<\/p>\n<p>Con este triunfo, Santiago Wanderers alcanz\u00f3 los 44 puntos y qued\u00f3 moment\u00e1neamente como exclusivo l\u00edder de la competencia, a la espera del partido entre Cobreloa, que suma 41 unidades, y San Luis, programado para este s\u00e1bado a las 17:30 horas en Quillota.<\/p>\n<p>Deportes Iquique, en tanto, permanece en el duod\u00e9cimo lugar con 25 puntos, todav\u00eda con margen respecto del colista Rangers, que tiene 15, pero a seis unidades de la zona de liguilla, que actualmente tiene como \u00faltimo clasificado a Deportes Puerto Montt con 31 puntos.<\/p>\n","protected":false},"excerpt":{"rendered":"<p>Santiago Wanderers derrot\u00f3 por 1-0 a Deportes Iquique en el inicio de la fecha 24 de la Liga de Ascenso y asegur\u00f3, al menos por una jornada m\u00e1s, su permanencia en lo m\u00e1s alto de la clasificaci\u00f3n. La \u00fanica conquista del encuentro lleg\u00f3 a los 25 minutos. Joaqu\u00edn Silva defini\u00f3 ante la salida del arquero &hellip;<\/p>\n","protected":false},"author":3,"featured_media":15734,"comment_status":"open","ping_status":"closed","sticky":false,"template":"","format":"standard","meta":{"footnotes":""},"categories":[5],"tags":[],"class_list":["post-15732","post","type-post","status-publish","format-standard","has-post-thumbnail","hentry","category-deportes"],"_links":{"self":[{"href":"https:\/\/www.elregional.cl\/index.php?rest_route=\/wp\/v2\/posts\/15732","targetHints":{"allow":["GET"]}}],"collection":[{"href":"https:\/\/www.elregional.cl\/index.php?rest_route=\/wp\/v2\/posts"}],"about":[{"href":"https:\/\/www.elregional.cl\/index.php?rest_route=\/wp\/v2\/types\/post"}],"author":[{"embeddable":true,"href":"https:\/\/www.elregional.cl\/index.php?rest_route=\/wp\/v2\/users\/3"}],"replies":[{"embeddable":true,"href":"https:\/\/www.elregional.cl\/index.php?rest_route=%2Fwp%2Fv2%2Fcomments&post=15732"}],"version-history":[{"count":1,"href":"https:\/\/www.elregional.cl\/index.php?rest_route=\/wp\/v2\/posts\/15732\/revisions"}],"predecessor-version":[{"id":15733,"href":"https:\/\/www.elregional.cl\/index.php?rest_route=\/wp\/v2\/posts\/15732\/revisions\/15733"}],"wp:featuredmedia":[{"embeddable":true,"href":"https:\/\/www.elregional.cl\/index.php?rest_route=\/wp\/v2\/media\/15734"}],"wp:attachment":[{"href":"https:\/\/www.elregional.cl\/index.php?rest_route=%2Fwp%2Fv2%2Fmedia&parent=15732"}],"wp:term":[{"taxonomy":"category","embeddable":true,"href":"https:\/\/www.elregional.cl\/index.php?rest_route=%2Fwp%2Fv2%2Fcategories&post=15732"},{"taxonomy":"post_tag","embeddable":true,"href":"https:\/\/www.elregional.cl\/index.php?rest_route=%2Fwp%2Fv2%2Ftags&post=15732"}],"curies":[{"name":"wp","href":"https:\/\/api.w.org\/{rel}","templated":true}]}}