{"id":15735,"date":"2026-09-04T22:09:45","date_gmt":"2026-09-05T02:09:45","guid":{"rendered":"https:\/\/www.elregional.cl\/?p=15735"},"modified":"2026-09-04T22:09:46","modified_gmt":"2026-09-05T02:09:46","slug":"elevan-a-alerta-amarilla-el-volcan-villarrica-por-aumento-de-actividad","status":"publish","type":"post","link":"https:\/\/www.elregional.cl\/?p=15735","title":{"rendered":"Elevan a Alerta Amarilla el volc\u00e1n Villarrica por aumento de actividad"},"content":{"rendered":"<h1><\/h1>\n<p>El Servicio Nacional de Geolog\u00eda y Miner\u00eda, Sernageomin, elev\u00f3 este viernes a Alerta Amarilla la condici\u00f3n t\u00e9cnica del volc\u00e1n Villarrica, debido al incremento de actividad registrado durante las \u00faltimas semanas en el macizo.<\/p>\n<p>En paralelo, Senapred declar\u00f3 Alerta Temprana Preventiva para las comunas de Villarrica, Puc\u00f3n y Curarrehue, en la regi\u00f3n de La Araucan\u00eda, adem\u00e1s de Panguipulli, en la regi\u00f3n de Los R\u00edos.<\/p>\n<p>De acuerdo con los antecedentes proporcionados por Sernageomin, a trav\u00e9s de la Red Nacional de Vigilancia Volc\u00e1nica y el Observatorio Volcanol\u00f3gico de los Andes del Sur, desde agosto se ha observado un leve aumento de la actividad, principalmente en el sector del cr\u00e1ter.<\/p>\n<p>Este comportamiento se ha manifestado mediante incandescencia durante la noche, expulsi\u00f3n de piroclastos y la formaci\u00f3n de una columna que ha alcanzado entre 40 y 60 metros por sobre el nivel del cr\u00e1ter. A ello se suma un tremor constante, con episodios que se han prolongado durante varios minutos e incluso horas.<\/p>\n<p>Los registros tambi\u00e9n muestran se\u00f1ales de incandescencia y antecedentes satelitales asociados a un incremento de la temperatura superficial del volc\u00e1n.<\/p>\n<p>Senapred se\u00f1al\u00f3 que los cambios s\u00edsmicos y las manifestaciones observadas son compatibles con una condici\u00f3n de mayor actividad e inestabilidad del macizo, que podr\u00eda estar relacionada con un ascenso del lago de lava hacia niveles m\u00e1s superficiales.<\/p>\n<p>El organismo advirti\u00f3 que no se descartan nuevos episodios de similar o mayor energ\u00eda, con una eventual expulsi\u00f3n de material pirocl\u00e1stico, aunque sus posibles efectos estar\u00edan restringidos al entorno del cr\u00e1ter.<\/p>\n<p>La decisi\u00f3n fue adoptada tras una reuni\u00f3n de la mesa t\u00e9cnica integrada por Sernageomin y Senapred, instancia en la que se evalu\u00f3 el comportamiento reciente del volc\u00e1n y se resolvi\u00f3 modificar las medidas preventivas para las cuatro comunas ubicadas en el entorno del macizo.<\/p>\n","protected":false},"excerpt":{"rendered":"<p>El Servicio Nacional de Geolog\u00eda y Miner\u00eda, Sernageomin, elev\u00f3 este viernes a Alerta Amarilla la condici\u00f3n t\u00e9cnica del volc\u00e1n Villarrica, debido al incremento de actividad registrado durante las \u00faltimas semanas en el macizo. En paralelo, Senapred declar\u00f3 Alerta Temprana Preventiva para las comunas de Villarrica, Puc\u00f3n y Curarrehue, en la regi\u00f3n de La Araucan\u00eda, adem\u00e1s &hellip;<\/p>\n","protected":false},"author":3,"featured_media":15737,"comment_status":"open","ping_status":"closed","sticky":false,"template":"","format":"standard","meta":{"footnotes":""},"categories":[3],"tags":[],"class_list":["post-15735","post","type-post","status-publish","format-standard","has-post-thumbnail","hentry","category-pais"],"_links":{"self":[{"href":"https:\/\/www.elregional.cl\/index.php?rest_route=\/wp\/v2\/posts\/15735","targetHints":{"allow":["GET"]}}],"collection":[{"href":"https:\/\/www.elregional.cl\/index.php?rest_route=\/wp\/v2\/posts"}],"about":[{"href":"https:\/\/www.elregional.cl\/index.php?rest_route=\/wp\/v2\/types\/post"}],"author":[{"embeddable":true,"href":"https:\/\/www.elregional.cl\/index.php?rest_route=\/wp\/v2\/users\/3"}],"replies":[{"embeddable":true,"href":"https:\/\/www.elregional.cl\/index.php?rest_route=%2Fwp%2Fv2%2Fcomments&post=15735"}],"version-history":[{"count":1,"href":"https:\/\/www.elregional.cl\/index.php?rest_route=\/wp\/v2\/posts\/15735\/revisions"}],"predecessor-version":[{"id":15736,"href":"https:\/\/www.elregional.cl\/index.php?rest_route=\/wp\/v2\/posts\/15735\/revisions\/15736"}],"wp:featuredmedia":[{"embeddable":true,"href":"https:\/\/www.elregional.cl\/index.php?rest_route=\/wp\/v2\/media\/15737"}],"wp:attachment":[{"href":"https:\/\/www.elregional.cl\/index.php?rest_route=%2Fwp%2Fv2%2Fmedia&parent=15735"}],"wp:term":[{"taxonomy":"category","embeddable":true,"href":"https:\/\/www.elregional.cl\/index.php?rest_route=%2Fwp%2Fv2%2Fcategories&post=15735"},{"taxonomy":"post_tag","embeddable":true,"href":"https:\/\/www.elregional.cl\/index.php?rest_route=%2Fwp%2Fv2%2Ftags&post=15735"}],"curies":[{"name":"wp","href":"https:\/\/api.w.org\/{rel}","templated":true}]}}