{"id":15738,"date":"2026-09-05T10:02:32","date_gmt":"2026-09-05T14:02:32","guid":{"rendered":"https:\/\/www.elregional.cl\/?p=15738"},"modified":"2026-09-05T10:02:34","modified_gmt":"2026-09-05T14:02:34","slug":"universidad-de-chile-busca-reaccionar-ante-coquimbo-unido-en-el-nacional","status":"publish","type":"post","link":"https:\/\/www.elregional.cl\/?p=15738","title":{"rendered":"Universidad de Chile busca reaccionar ante Coquimbo Unido en el Nacional"},"content":{"rendered":"<p>Universidad de Chile recibir\u00e1 este s\u00e1bado a Coquimbo Unido, desde las 20:00 horas, en el Estadio Nacional, por la fecha 22 de la Liga de Primera. Los azules llegan al encuentro con la obligaci\u00f3n de dejar atr\u00e1s dos derrotas consecutivas y recuperar terreno en la parte alta de la tabla.<\/p>\n<p>El equipo dirigido por Fernando Gago marcha tercero con 36 puntos, a 16 unidades del l\u00edder Colo Colo y con la misma cantidad de puntos que Universidad Cat\u00f3lica, que lo supera por diferencia de goles. Una victoria resulta clave para mantener la presi\u00f3n en la lucha por el cupo directo a la fase grupal de la Copa Libertadores.<\/p>\n<p>Universidad de Chile viene de caer ante Colo Colo en el Supercl\u00e1sico y posteriormente frente a Universidad de Concepci\u00f3n, resultados que generaron dudas en torno al rendimiento del equipo. Ante Coquimbo Unido, los azules intentar\u00e1n reencontrarse con el triunfo jugando como locales.<\/p>\n<p>La formaci\u00f3n de Universidad de Chile ser\u00eda con Gabriel Castell\u00f3n; Fabi\u00e1n Hormaz\u00e1bal, Mat\u00edas Zaldivia, Nicol\u00e1s Ram\u00edrez, Marcelo Morales; Israel Poblete, Charles Ar\u00e1nguiz, Basti\u00e1n Arce; Maximiliano Guerrero, Eduardo Vargas e Ignacio V\u00e1squez.<\/p>\n<p>Coquimbo Unido llega con otro objetivo. El conjunto pirata ocupa el noveno puesto con 29 puntos y una victoria le permitir\u00eda acercarse a la zona de clasificaci\u00f3n a copas internacionales, adem\u00e1s de ejercer presi\u00f3n sobre \u00d1ublense, que actualmente ocupa el sexto lugar.<\/p>\n<p>Los dirigidos por Hern\u00e1n Caputto vienen de celebrar a mitad de semana, luego de imponerse a Universidad de Concepci\u00f3n en un encuentro pendiente. Ahora buscar\u00e1n dar el golpe en el Estadio Nacional y sumar tres puntos que pueden ser determinantes en su lucha por escalar posiciones.<\/p>\n<p>La probable formaci\u00f3n de Coquimbo Unido contempla a Diego S\u00e1nchez; Lukas Soza, Benjam\u00edn Gazzolo, Manuel Fern\u00e1ndez, Juan Cornejo; Alejandro Camargo, Sebasti\u00e1n Cordero; Cristi\u00e1n Zavala, Pablo Rodr\u00edguez, Benjam\u00edn Chand\u00eda y Nicol\u00e1s Johansen.<\/p>\n<p>El encuentro ser\u00e1 dirigido por el \u00e1rbitro Cristi\u00e1n Garay, mientras que Fernando V\u00e9jar estar\u00e1 a cargo del VAR.<\/p>\n","protected":false},"excerpt":{"rendered":"<p>Universidad de Chile recibir\u00e1 este s\u00e1bado a Coquimbo Unido, desde las 20:00 horas, en el Estadio Nacional, por la fecha 22 de la Liga de Primera. Los azules llegan al encuentro con la obligaci\u00f3n de dejar atr\u00e1s dos derrotas consecutivas y recuperar terreno en la parte alta de la tabla. El equipo dirigido por Fernando &hellip;<\/p>\n","protected":false},"author":3,"featured_media":15740,"comment_status":"open","ping_status":"closed","sticky":false,"template":"","format":"standard","meta":{"footnotes":""},"categories":[5],"tags":[],"class_list":["post-15738","post","type-post","status-publish","format-standard","has-post-thumbnail","hentry","category-deportes"],"_links":{"self":[{"href":"https:\/\/www.elregional.cl\/index.php?rest_route=\/wp\/v2\/posts\/15738","targetHints":{"allow":["GET"]}}],"collection":[{"href":"https:\/\/www.elregional.cl\/index.php?rest_route=\/wp\/v2\/posts"}],"about":[{"href":"https:\/\/www.elregional.cl\/index.php?rest_route=\/wp\/v2\/types\/post"}],"author":[{"embeddable":true,"href":"https:\/\/www.elregional.cl\/index.php?rest_route=\/wp\/v2\/users\/3"}],"replies":[{"embeddable":true,"href":"https:\/\/www.elregional.cl\/index.php?rest_route=%2Fwp%2Fv2%2Fcomments&post=15738"}],"version-history":[{"count":1,"href":"https:\/\/www.elregional.cl\/index.php?rest_route=\/wp\/v2\/posts\/15738\/revisions"}],"predecessor-version":[{"id":15739,"href":"https:\/\/www.elregional.cl\/index.php?rest_route=\/wp\/v2\/posts\/15738\/revisions\/15739"}],"wp:featuredmedia":[{"embeddable":true,"href":"https:\/\/www.elregional.cl\/index.php?rest_route=\/wp\/v2\/media\/15740"}],"wp:attachment":[{"href":"https:\/\/www.elregional.cl\/index.php?rest_route=%2Fwp%2Fv2%2Fmedia&parent=15738"}],"wp:term":[{"taxonomy":"category","embeddable":true,"href":"https:\/\/www.elregional.cl\/index.php?rest_route=%2Fwp%2Fv2%2Fcategories&post=15738"},{"taxonomy":"post_tag","embeddable":true,"href":"https:\/\/www.elregional.cl\/index.php?rest_route=%2Fwp%2Fv2%2Ftags&post=15738"}],"curies":[{"name":"wp","href":"https:\/\/api.w.org\/{rel}","templated":true}]}}