{"id":15741,"date":"2026-09-05T10:06:44","date_gmt":"2026-09-05T14:06:44","guid":{"rendered":"https:\/\/www.elregional.cl\/?p=15741"},"modified":"2026-09-05T10:06:45","modified_gmt":"2026-09-05T14:06:45","slug":"alcalde-de-coquimbo-pide-asegurar-recursos-para-la-reconstruccion-tras-los-aluviones","status":"publish","type":"post","link":"https:\/\/www.elregional.cl\/?p=15741","title":{"rendered":"Alcalde de Coquimbo pide asegurar recursos para la reconstrucci\u00f3n tras los aluviones"},"content":{"rendered":"<p>El alcalde de Coquimbo, Ali Manouchehri, plante\u00f3 la necesidad de que la discusi\u00f3n legislativa del Presupuesto 2027 considere los recursos necesarios para avanzar en la reconstrucci\u00f3n de la regi\u00f3n, luego de los da\u00f1os provocados por los aluviones registrados en julio.<\/p>\n<p>En conversaci\u00f3n con Cooperativa, el jefe comunal advirti\u00f3 que la falta de recursos frescos para una inyecci\u00f3n directa a la reconstrucci\u00f3n termin\u00f3 quedando supeditada a la discusi\u00f3n presupuestaria.<\/p>\n<p>Manouchehri se\u00f1al\u00f3 que, de acuerdo con lo informado por el biministro Claudio Alvarado, se contemplar\u00edan alrededor de 700 millones de d\u00f3lares para las labores de recuperaci\u00f3n de la regi\u00f3n. Sin embargo, manifest\u00f3 su preocupaci\u00f3n por el proceso legislativo y por la posibilidad de que los montos finalmente destinados sean inferiores a los anunciados inicialmente.<\/p>\n<p>El alcalde sostuvo que actualmente la regi\u00f3n se encuentra en una etapa de reactivaci\u00f3n, por lo que consider\u00f3 fundamental avanzar no solo en la recuperaci\u00f3n de infraestructura, viviendas y caletas, sino tambi\u00e9n en el apoyo econ\u00f3mico a las familias afectadas.<\/p>\n<p>En ese sentido, destac\u00f3 especialmente la situaci\u00f3n de quienes desarrollan actividades vinculadas al turismo, la gastronom\u00eda y la hoteler\u00eda, sectores que buscan aprovechar con fuerza el mes de septiembre para recuperar parte de la actividad econ\u00f3mica perdida tras la emergencia.<\/p>\n<p>Manouchehri insisti\u00f3 en que el desaf\u00edo ahora es garantizar que los recursos comprometidos se concreten y permitan enfrentar de manera efectiva las consecuencias que dejaron los aluviones en la Regi\u00f3n de Coquimbo.<\/p>\n","protected":false},"excerpt":{"rendered":"<p>El alcalde de Coquimbo, Ali Manouchehri, plante\u00f3 la necesidad de que la discusi\u00f3n legislativa del Presupuesto 2027 considere los recursos necesarios para avanzar en la reconstrucci\u00f3n de la regi\u00f3n, luego de los da\u00f1os provocados por los aluviones registrados en julio. En conversaci\u00f3n con Cooperativa, el jefe comunal advirti\u00f3 que la falta de recursos frescos para &hellip;<\/p>\n","protected":false},"author":3,"featured_media":15743,"comment_status":"open","ping_status":"closed","sticky":false,"template":"","format":"standard","meta":{"footnotes":""},"categories":[13],"tags":[],"class_list":["post-15741","post","type-post","status-publish","format-standard","has-post-thumbnail","hentry","category-coquimbo"],"_links":{"self":[{"href":"https:\/\/www.elregional.cl\/index.php?rest_route=\/wp\/v2\/posts\/15741","targetHints":{"allow":["GET"]}}],"collection":[{"href":"https:\/\/www.elregional.cl\/index.php?rest_route=\/wp\/v2\/posts"}],"about":[{"href":"https:\/\/www.elregional.cl\/index.php?rest_route=\/wp\/v2\/types\/post"}],"author":[{"embeddable":true,"href":"https:\/\/www.elregional.cl\/index.php?rest_route=\/wp\/v2\/users\/3"}],"replies":[{"embeddable":true,"href":"https:\/\/www.elregional.cl\/index.php?rest_route=%2Fwp%2Fv2%2Fcomments&post=15741"}],"version-history":[{"count":1,"href":"https:\/\/www.elregional.cl\/index.php?rest_route=\/wp\/v2\/posts\/15741\/revisions"}],"predecessor-version":[{"id":15742,"href":"https:\/\/www.elregional.cl\/index.php?rest_route=\/wp\/v2\/posts\/15741\/revisions\/15742"}],"wp:featuredmedia":[{"embeddable":true,"href":"https:\/\/www.elregional.cl\/index.php?rest_route=\/wp\/v2\/media\/15743"}],"wp:attachment":[{"href":"https:\/\/www.elregional.cl\/index.php?rest_route=%2Fwp%2Fv2%2Fmedia&parent=15741"}],"wp:term":[{"taxonomy":"category","embeddable":true,"href":"https:\/\/www.elregional.cl\/index.php?rest_route=%2Fwp%2Fv2%2Fcategories&post=15741"},{"taxonomy":"post_tag","embeddable":true,"href":"https:\/\/www.elregional.cl\/index.php?rest_route=%2Fwp%2Fv2%2Ftags&post=15741"}],"curies":[{"name":"wp","href":"https:\/\/api.w.org\/{rel}","templated":true}]}}