{"id":15744,"date":"2026-09-05T10:08:47","date_gmt":"2026-09-05T14:08:47","guid":{"rendered":"https:\/\/www.elregional.cl\/?p=15744"},"modified":"2026-09-05T10:08:48","modified_gmt":"2026-09-05T14:08:48","slug":"detienen-en-chanaral-a-conductor-tras-detectar-vehiculo-con-patente-asociada-a-un-robo","status":"publish","type":"post","link":"https:\/\/www.elregional.cl\/?p=15744","title":{"rendered":"Detienen en Cha\u00f1aral a conductor tras detectar veh\u00edculo con patente asociada a un robo"},"content":{"rendered":"<p>Un hombre de 29 a\u00f1os fue detenido por Carabineros en Cha\u00f1aral, acusado de los delitos de receptaci\u00f3n y uso malicioso de instrumento p\u00fablico, luego de ser fiscalizado durante un control vehicular en la Ruta 5 Norte.<\/p>\n<p>El procedimiento se realiz\u00f3 durante la noche del viernes, cerca de la medianoche, en el marco de los servicios extraordinarios implementados por la 1\u00aa Comisar\u00eda de Cha\u00f1aral. El autom\u00f3vil se desplazaba en direcci\u00f3n norte y era ocupado \u00fanicamente por su conductor.<\/p>\n<p>Durante la fiscalizaci\u00f3n, los funcionarios verificaron los antecedentes del veh\u00edculo y detectaron inconsistencias en las placas patentes que portaba. Ante esta situaci\u00f3n, procedieron a revisar la numeraci\u00f3n grabada en los vidrios del autom\u00f3vil.<\/p>\n<p>La consulta permiti\u00f3 establecer que dicha numeraci\u00f3n correspond\u00eda a una patente asociada a un veh\u00edculo que manten\u00eda un encargo vigente por robo de veh\u00edculo motorizado, hecho ocurrido el 25 de febrero de 2026 en la comuna de Hualp\u00e9n, en la Regi\u00f3n del Biob\u00edo.<\/p>\n<p>A esto se sum\u00f3 que el conductor no contaba con licencia de conducir ni manten\u00eda documentaci\u00f3n del autom\u00f3vil, por lo que fue detenido y trasladado hasta la unidad policial para continuar con las diligencias correspondientes.<\/p>\n<p>El imputado, de nacionalidad chilena y con antecedentes por reiteraci\u00f3n de distintos delitos, qued\u00f3 a disposici\u00f3n del Ministerio P\u00fablico, que determinar\u00e1 las acciones judiciales a seguir.<\/p>\n<p>Desde Carabineros destacaron la importancia de los controles vehiculares selectivos y de los servicios preventivos desplegados en las principales rutas de la regi\u00f3n, debido a que este tipo de procedimientos permite detectar veh\u00edculos con irregularidades y retirar de circulaci\u00f3n aquellos vinculados a hechos delictivos.<\/p>\n","protected":false},"excerpt":{"rendered":"<p>Un hombre de 29 a\u00f1os fue detenido por Carabineros en Cha\u00f1aral, acusado de los delitos de receptaci\u00f3n y uso malicioso de instrumento p\u00fablico, luego de ser fiscalizado durante un control vehicular en la Ruta 5 Norte. El procedimiento se realiz\u00f3 durante la noche del viernes, cerca de la medianoche, en el marco de los servicios &hellip;<\/p>\n","protected":false},"author":3,"featured_media":15746,"comment_status":"open","ping_status":"closed","sticky":false,"template":"","format":"standard","meta":{"footnotes":""},"categories":[16],"tags":[],"class_list":["post-15744","post","type-post","status-publish","format-standard","has-post-thumbnail","hentry","category-atacama"],"_links":{"self":[{"href":"https:\/\/www.elregional.cl\/index.php?rest_route=\/wp\/v2\/posts\/15744","targetHints":{"allow":["GET"]}}],"collection":[{"href":"https:\/\/www.elregional.cl\/index.php?rest_route=\/wp\/v2\/posts"}],"about":[{"href":"https:\/\/www.elregional.cl\/index.php?rest_route=\/wp\/v2\/types\/post"}],"author":[{"embeddable":true,"href":"https:\/\/www.elregional.cl\/index.php?rest_route=\/wp\/v2\/users\/3"}],"replies":[{"embeddable":true,"href":"https:\/\/www.elregional.cl\/index.php?rest_route=%2Fwp%2Fv2%2Fcomments&post=15744"}],"version-history":[{"count":1,"href":"https:\/\/www.elregional.cl\/index.php?rest_route=\/wp\/v2\/posts\/15744\/revisions"}],"predecessor-version":[{"id":15745,"href":"https:\/\/www.elregional.cl\/index.php?rest_route=\/wp\/v2\/posts\/15744\/revisions\/15745"}],"wp:featuredmedia":[{"embeddable":true,"href":"https:\/\/www.elregional.cl\/index.php?rest_route=\/wp\/v2\/media\/15746"}],"wp:attachment":[{"href":"https:\/\/www.elregional.cl\/index.php?rest_route=%2Fwp%2Fv2%2Fmedia&parent=15744"}],"wp:term":[{"taxonomy":"category","embeddable":true,"href":"https:\/\/www.elregional.cl\/index.php?rest_route=%2Fwp%2Fv2%2Fcategories&post=15744"},{"taxonomy":"post_tag","embeddable":true,"href":"https:\/\/www.elregional.cl\/index.php?rest_route=%2Fwp%2Fv2%2Ftags&post=15744"}],"curies":[{"name":"wp","href":"https:\/\/api.w.org\/{rel}","templated":true}]}}