{"id":15747,"date":"2026-09-05T13:38:30","date_gmt":"2026-09-05T17:38:30","guid":{"rendered":"https:\/\/www.elregional.cl\/?p=15747"},"modified":"2026-09-05T13:38:31","modified_gmt":"2026-09-05T17:38:31","slug":"pdi-investiga-homicidio-y-homicidio-frustrado-tras-ataque-con-arma-de-fuego-en-la-serena","status":"publish","type":"post","link":"https:\/\/www.elregional.cl\/?p=15747","title":{"rendered":"PDI investiga homicidio y homicidio frustrado tras ataque con arma de fuego en La Serena"},"content":{"rendered":"<p>&nbsp;<\/p>\n<p>Detectives de la Brigada de Homicidios de La Serena investigan un homicidio y un homicidio frustrado registrados durante la madrugada de este s\u00e1bado 5 de septiembre, por instrucci\u00f3n de la Fiscal\u00eda Macrozona Norte.<\/p>\n<p>De acuerdo con los antecedentes preliminares, dos ciudadanos venezolanos, de 34 y 32 a\u00f1os, llegaron hasta el Servicio de Urgencias del Hospital de La Serena con heridas provocadas por impactos bal\u00edsticos.<\/p>\n<p>El hombre de 34 a\u00f1os ingres\u00f3 fallecido al recinto asistencial, mientras que la segunda v\u00edctima, de 32 a\u00f1os, result\u00f3 lesionada y permanece bajo atenci\u00f3n m\u00e9dica.<\/p>\n<p>Detectives de la Brigada de Homicidios, junto a peritos del Laboratorio de Criminal\u00edstica Regional, realizan diligencias cient\u00edfico-t\u00e9cnicas destinadas a establecer c\u00f3mo ocurrieron los hechos y determinar el lugar donde se produjo el ataque.<\/p>\n<p>La investigaci\u00f3n tambi\u00e9n busca establecer la identidad y participaci\u00f3n de \u00e9l o los responsables del hecho.<\/p>\n","protected":false},"excerpt":{"rendered":"<p>&nbsp; Detectives de la Brigada de Homicidios de La Serena investigan un homicidio y un homicidio frustrado registrados durante la madrugada de este s\u00e1bado 5 de septiembre, por instrucci\u00f3n de la Fiscal\u00eda Macrozona Norte. De acuerdo con los antecedentes preliminares, dos ciudadanos venezolanos, de 34 y 32 a\u00f1os, llegaron hasta el Servicio de Urgencias del &hellip;<\/p>\n","protected":false},"author":3,"featured_media":15749,"comment_status":"open","ping_status":"closed","sticky":false,"template":"","format":"standard","meta":{"footnotes":""},"categories":[2],"tags":[],"class_list":["post-15747","post","type-post","status-publish","format-standard","has-post-thumbnail","hentry","category-regionales"],"_links":{"self":[{"href":"https:\/\/www.elregional.cl\/index.php?rest_route=\/wp\/v2\/posts\/15747","targetHints":{"allow":["GET"]}}],"collection":[{"href":"https:\/\/www.elregional.cl\/index.php?rest_route=\/wp\/v2\/posts"}],"about":[{"href":"https:\/\/www.elregional.cl\/index.php?rest_route=\/wp\/v2\/types\/post"}],"author":[{"embeddable":true,"href":"https:\/\/www.elregional.cl\/index.php?rest_route=\/wp\/v2\/users\/3"}],"replies":[{"embeddable":true,"href":"https:\/\/www.elregional.cl\/index.php?rest_route=%2Fwp%2Fv2%2Fcomments&post=15747"}],"version-history":[{"count":1,"href":"https:\/\/www.elregional.cl\/index.php?rest_route=\/wp\/v2\/posts\/15747\/revisions"}],"predecessor-version":[{"id":15748,"href":"https:\/\/www.elregional.cl\/index.php?rest_route=\/wp\/v2\/posts\/15747\/revisions\/15748"}],"wp:featuredmedia":[{"embeddable":true,"href":"https:\/\/www.elregional.cl\/index.php?rest_route=\/wp\/v2\/media\/15749"}],"wp:attachment":[{"href":"https:\/\/www.elregional.cl\/index.php?rest_route=%2Fwp%2Fv2%2Fmedia&parent=15747"}],"wp:term":[{"taxonomy":"category","embeddable":true,"href":"https:\/\/www.elregional.cl\/index.php?rest_route=%2Fwp%2Fv2%2Fcategories&post=15747"},{"taxonomy":"post_tag","embeddable":true,"href":"https:\/\/www.elregional.cl\/index.php?rest_route=%2Fwp%2Fv2%2Ftags&post=15747"}],"curies":[{"name":"wp","href":"https:\/\/api.w.org\/{rel}","templated":true}]}}