{"id":15750,"date":"2026-09-05T13:58:22","date_gmt":"2026-09-05T17:58:22","guid":{"rendered":"https:\/\/www.elregional.cl\/?p=15750"},"modified":"2026-09-05T13:58:26","modified_gmt":"2026-09-05T17:58:26","slug":"macrozona-sur-registra-historica-baja-de-episodios-de-violencia-rural-durante-2026","status":"publish","type":"post","link":"https:\/\/www.elregional.cl\/?p=15750","title":{"rendered":"Macrozona sur registra hist\u00f3rica baja de episodios de violencia rural durante 2026"},"content":{"rendered":"<p>&nbsp;<\/p>\n<p>Un total de 81 episodios de violencia rural se contabilizaron entre enero y agosto de 2026 en la macrozona sur, cifra que representa una disminuci\u00f3n del 53% respecto de los 171 hechos registrados durante el mismo periodo de 2025.<\/p>\n<p>El registro considera las regiones del Biob\u00edo, La Araucan\u00eda, Los R\u00edos y Los Lagos, y corresponde a la cifra m\u00e1s baja de los \u00faltimos a\u00f1os. La tendencia descendente se mantiene desde 2022 y durante este a\u00f1o el ritmo de reducci\u00f3n se aceler\u00f3.<\/p>\n<p>De acuerdo con los antecedentes difundidos, entre 2024 y 2025 los episodios disminuyeron un 25%, pasando de 227 a 171 casos. En ese mismo periodo, el promedio mensual baj\u00f3 de 28,3 a 21,3 hechos, mientras que durante 2026 se sit\u00faa en 10,1 episodios cada 30 d\u00edas.<\/p>\n<p>La Araucan\u00eda concentra la mayor parte de los casos, con 75 de los 81 hechos registrados este a\u00f1o. Le siguen Biob\u00edo, con cinco, y Los Lagos, con uno. Los R\u00edos, en tanto, no registra episodios durante 2026, consolidando una baja sostenida durante los \u00faltimos cuatro a\u00f1os, desde nueve casos hasta llegar a cero.<\/p>\n<p>En el Biob\u00edo tambi\u00e9n se observa una disminuci\u00f3n importante, al pasar de 35 hechos a solo cinco durante el periodo analizado.<\/p>\n<p>Respecto de los delitos, el atentado terrorista explosivo o incendiario contin\u00faa siendo la categor\u00eda m\u00e1s frecuente, con 16 casos, aunque registra una ca\u00edda de 41% frente a 2025. Le siguen las amenazas simples, con 11 hechos, y los da\u00f1os simples, con cinco.<\/p>\n<p>Otros delitos, como el robo de veh\u00edculos y los incendios sin peligro para las personas, no registran casos acumulados durante este a\u00f1o.<\/p>\n<p>Pese a la reducci\u00f3n general, desde la Fiscal\u00eda Nacional advierten que el fen\u00f3meno no ha desaparecido y que existen delitos que muestran un comportamiento distinto.<\/p>\n<p>La gerenta de la Divisi\u00f3n de Estudios de la Fiscal\u00eda Nacional, Ana Mar\u00eda Morales, se\u00f1al\u00f3 que el robo con intimidaci\u00f3n pas\u00f3 de ocho casos en 2025 a nueve en 2026, equivalente a un aumento del 13%. Tambi\u00e9n se registraron incrementos en las usurpaciones de propiedad, que subieron de cuatro a seis casos, y en las usurpaciones u ocupaciones no violentas sin da\u00f1os, que pasaron de dos a tres.<\/p>\n<p>A nivel comunal, Victoria, con 17 hechos; Collipulli, con 15; y Angol, con 11, concentran la mayor cantidad de delitos en La Araucan\u00eda, pese a la disminuci\u00f3n general observada en la regi\u00f3n.<\/p>\n<p>En contraste, Ca\u00f1ete, Contulmo, Pitrufqu\u00e9n y Galvarino lograron reducir sus registros a cero durante 2026.<\/p>\n","protected":false},"excerpt":{"rendered":"<p>&nbsp; Un total de 81 episodios de violencia rural se contabilizaron entre enero y agosto de 2026 en la macrozona sur, cifra que representa una disminuci\u00f3n del 53% respecto de los 171 hechos registrados durante el mismo periodo de 2025. El registro considera las regiones del Biob\u00edo, La Araucan\u00eda, Los R\u00edos y Los Lagos, y &hellip;<\/p>\n","protected":false},"author":3,"featured_media":15752,"comment_status":"open","ping_status":"closed","sticky":false,"template":"","format":"standard","meta":{"footnotes":""},"categories":[3],"tags":[],"class_list":["post-15750","post","type-post","status-publish","format-standard","has-post-thumbnail","hentry","category-pais"],"_links":{"self":[{"href":"https:\/\/www.elregional.cl\/index.php?rest_route=\/wp\/v2\/posts\/15750","targetHints":{"allow":["GET"]}}],"collection":[{"href":"https:\/\/www.elregional.cl\/index.php?rest_route=\/wp\/v2\/posts"}],"about":[{"href":"https:\/\/www.elregional.cl\/index.php?rest_route=\/wp\/v2\/types\/post"}],"author":[{"embeddable":true,"href":"https:\/\/www.elregional.cl\/index.php?rest_route=\/wp\/v2\/users\/3"}],"replies":[{"embeddable":true,"href":"https:\/\/www.elregional.cl\/index.php?rest_route=%2Fwp%2Fv2%2Fcomments&post=15750"}],"version-history":[{"count":1,"href":"https:\/\/www.elregional.cl\/index.php?rest_route=\/wp\/v2\/posts\/15750\/revisions"}],"predecessor-version":[{"id":15751,"href":"https:\/\/www.elregional.cl\/index.php?rest_route=\/wp\/v2\/posts\/15750\/revisions\/15751"}],"wp:featuredmedia":[{"embeddable":true,"href":"https:\/\/www.elregional.cl\/index.php?rest_route=\/wp\/v2\/media\/15752"}],"wp:attachment":[{"href":"https:\/\/www.elregional.cl\/index.php?rest_route=%2Fwp%2Fv2%2Fmedia&parent=15750"}],"wp:term":[{"taxonomy":"category","embeddable":true,"href":"https:\/\/www.elregional.cl\/index.php?rest_route=%2Fwp%2Fv2%2Fcategories&post=15750"},{"taxonomy":"post_tag","embeddable":true,"href":"https:\/\/www.elregional.cl\/index.php?rest_route=%2Fwp%2Fv2%2Ftags&post=15750"}],"curies":[{"name":"wp","href":"https:\/\/api.w.org\/{rel}","templated":true}]}}