{"id":15768,"date":"2026-09-06T10:18:41","date_gmt":"2026-09-06T13:18:41","guid":{"rendered":"https:\/\/www.elregional.cl\/?p=15768"},"modified":"2026-09-06T10:18:43","modified_gmt":"2026-09-06T13:18:43","slug":"carabineros-comprara-88-radiopatrullas-bmw-por-mas-de-4-300-millones","status":"publish","type":"post","link":"https:\/\/www.elregional.cl\/?p=15768","title":{"rendered":"Carabineros comprar\u00e1 88 radiopatrullas BMW por m\u00e1s de $4.300 millones"},"content":{"rendered":"<p>&nbsp;<\/p>\n<p>Carabineros de Chile incorporar\u00e1 88 autom\u00f3viles BMW 320i adaptados como radiopatrullas, luego de adjudicar una adquisici\u00f3n por m\u00e1s de 4.303 millones de pesos.<\/p>\n<p>El proceso fue encabezado por la Direcci\u00f3n de Log\u00edstica de la instituci\u00f3n y adjudicado el pasado 2 de septiembre a Comercial Raptor SpA, empresa que present\u00f3 la \u00fanica oferta para esta l\u00ednea de la licitaci\u00f3n.<\/p>\n<p>La propuesta considera 88 veh\u00edculos por un monto total de 4.303.126.080 pesos, lo que equivale a un valor unitario de 48.899.160 pesos por cada unidad. El monto contempla no solo el autom\u00f3vil, sino tambi\u00e9n su adaptaci\u00f3n y equipamiento para funciones policiales.<\/p>\n<p>Los nuevos veh\u00edculos ser\u00e1n utilizados como radiopatrullas sin calabozo y estar\u00e1n destinados principalmente a labores de patrullaje preventivo, fiscalizaci\u00f3n y respuesta ante procedimientos. Su incorporaci\u00f3n busca contribuir a disminuir el d\u00e9ficit de veh\u00edculos policiales que han cumplido su vida \u00fatil, presentan problemas mec\u00e1nicos o se encuentran fuera de servicio.<\/p>\n<p>El BMW 320i corresponde a un sed\u00e1n de la Serie 3, equipado con un motor bencinero TwinPower Turbo de dos litros, con una potencia de 184 caballos y un torque m\u00e1ximo de 300 Nm. Cuenta adem\u00e1s con transmisi\u00f3n autom\u00e1tica de ocho velocidades y tracci\u00f3n trasera.<\/p>\n<p>Las unidades policiales incorporar\u00e1n elementos adicionales, entre ellos balizas, sirenas, sistemas de comunicaci\u00f3n, rotulaci\u00f3n institucional y otros dispositivos necesarios para las labores operativas.<\/p>\n<p>De acuerdo con las condiciones de la adjudicaci\u00f3n, los veh\u00edculos deber\u00e1n contar con una garant\u00eda t\u00e9cnica de 24 meses o 100 mil kil\u00f3metros, lo que ocurra primero. La entrega est\u00e1 programada para el 15 de diciembre de 2026.<\/p>\n<p>La compra de los BMW forma parte de un proceso de adquisici\u00f3n de veh\u00edculos policiales mucho mayor, que cuenta con un presupuesto disponible de 44.584.856.385 pesos.<\/p>\n<p>Dentro de la misma licitaci\u00f3n tambi\u00e9n fueron adjudicados 100 furgones Hyundai Tucson con calabozo, 200 Hyundai Tucson sin calabozo, 39 cuarteles m\u00f3viles Ford Transit, 12 camionetas Ford Ranger Raptor V6 y 268 motocicletas Honda CRF300L.<\/p>\n<p>En tanto, los 380 furgones policiales multiprop\u00f3sito contemplados en el proceso todav\u00eda no registran adjudicaci\u00f3n.<\/p>\n","protected":false},"excerpt":{"rendered":"<p>&nbsp; Carabineros de Chile incorporar\u00e1 88 autom\u00f3viles BMW 320i adaptados como radiopatrullas, luego de adjudicar una adquisici\u00f3n por m\u00e1s de 4.303 millones de pesos. El proceso fue encabezado por la Direcci\u00f3n de Log\u00edstica de la instituci\u00f3n y adjudicado el pasado 2 de septiembre a Comercial Raptor SpA, empresa que present\u00f3 la \u00fanica oferta para esta &hellip;<\/p>\n","protected":false},"author":3,"featured_media":15770,"comment_status":"open","ping_status":"closed","sticky":false,"template":"","format":"standard","meta":{"footnotes":""},"categories":[3],"tags":[],"class_list":["post-15768","post","type-post","status-publish","format-standard","has-post-thumbnail","hentry","category-pais"],"_links":{"self":[{"href":"https:\/\/www.elregional.cl\/index.php?rest_route=\/wp\/v2\/posts\/15768","targetHints":{"allow":["GET"]}}],"collection":[{"href":"https:\/\/www.elregional.cl\/index.php?rest_route=\/wp\/v2\/posts"}],"about":[{"href":"https:\/\/www.elregional.cl\/index.php?rest_route=\/wp\/v2\/types\/post"}],"author":[{"embeddable":true,"href":"https:\/\/www.elregional.cl\/index.php?rest_route=\/wp\/v2\/users\/3"}],"replies":[{"embeddable":true,"href":"https:\/\/www.elregional.cl\/index.php?rest_route=%2Fwp%2Fv2%2Fcomments&post=15768"}],"version-history":[{"count":1,"href":"https:\/\/www.elregional.cl\/index.php?rest_route=\/wp\/v2\/posts\/15768\/revisions"}],"predecessor-version":[{"id":15769,"href":"https:\/\/www.elregional.cl\/index.php?rest_route=\/wp\/v2\/posts\/15768\/revisions\/15769"}],"wp:featuredmedia":[{"embeddable":true,"href":"https:\/\/www.elregional.cl\/index.php?rest_route=\/wp\/v2\/media\/15770"}],"wp:attachment":[{"href":"https:\/\/www.elregional.cl\/index.php?rest_route=%2Fwp%2Fv2%2Fmedia&parent=15768"}],"wp:term":[{"taxonomy":"category","embeddable":true,"href":"https:\/\/www.elregional.cl\/index.php?rest_route=%2Fwp%2Fv2%2Fcategories&post=15768"},{"taxonomy":"post_tag","embeddable":true,"href":"https:\/\/www.elregional.cl\/index.php?rest_route=%2Fwp%2Fv2%2Ftags&post=15768"}],"curies":[{"name":"wp","href":"https:\/\/api.w.org\/{rel}","templated":true}]}}