{"id":15786,"date":"2026-09-06T11:28:45","date_gmt":"2026-09-06T14:28:45","guid":{"rendered":"https:\/\/www.elregional.cl\/?p=15786"},"modified":"2026-09-06T11:28:47","modified_gmt":"2026-09-06T14:28:47","slug":"exministros-de-defensa-alertan-por-postergacion-de-recursos-para-las-fuerzas-armadas-en-medio-de-tension-con-argentina","status":"publish","type":"post","link":"https:\/\/www.elregional.cl\/?p=15786","title":{"rendered":"Exministros de Defensa alertan por postergaci\u00f3n de recursos para las Fuerzas Armadas en medio de tensi\u00f3n con Argentina"},"content":{"rendered":"<p>&nbsp;<\/p>\n<p>Seis exministros de Defensa cuestionaron la reiterada postergaci\u00f3n del financiamiento destinado a las capacidades estrat\u00e9gicas de las Fuerzas Armadas, en medio de las recientes controversias relacionadas con la soberan\u00eda y las relaciones con Argentina.<\/p>\n<p>A trav\u00e9s de una carta publicada en <em>El Mercurio<\/em>, Francisco Vidal, Mario Desbordes, Jos\u00e9 Go\u00f1i, Jaime Ravinet, Jorge Burgos y Alberto Espina advirtieron que los recursos establecidos en la Ley 21.174 no pueden continuar siendo considerados como una variable m\u00e1s dentro de los ajustes fiscales.<\/p>\n<p>Los exsecretarios de Estado sostuvieron que el escenario regional hace necesario mantener y fortalecer las capacidades de defensa del pa\u00eds. En ese sentido, se\u00f1alaron que Per\u00fa ha desarrollado un programa de adquisiciones militares de gran envergadura, mientras que Argentina tambi\u00e9n ha avanzado en la renovaci\u00f3n de sus capacidades.<\/p>\n<p>La carta pone especial atenci\u00f3n en la situaci\u00f3n relacionada con el Estrecho de Magallanes y las recientes declaraciones provenientes de Buenos Aires.<\/p>\n<p>Los exministros recordaron que, menos de 24 horas despu\u00e9s de una declaraci\u00f3n conjunta entre los presidentes de Chile y Argentina, Jos\u00e9 Antonio Kast y Javier Milei, en la que ambos ratificaron la soberan\u00eda chilena sobre la zona, el canciller argentino Pablo Quirno volvi\u00f3 a referirse al car\u00e1cter \u201cbioce\u00e1nico\u201d de Argentina.<\/p>\n<p>A juicio de los firmantes, esta definici\u00f3n sirve como fundamento para la construcci\u00f3n de una base naval en Ushuaia, situaci\u00f3n que consideran relevante dentro del actual escenario estrat\u00e9gico regional.<\/p>\n<p>Los exministros plantearon que Chile debe cumplir con las obligaciones establecidas por la legislaci\u00f3n respecto del financiamiento de sus capacidades militares y evitar que estos recursos contin\u00faen siendo postergados.<\/p>\n<p>\u201cPostergar es descuidar, y descuidar la capacidad disuasiva del pa\u00eds en este contexto es una imprudencia que trasciende a cualquier Gobierno\u201d, concluyeron en la misiva.<\/p>\n","protected":false},"excerpt":{"rendered":"<p>&nbsp; Seis exministros de Defensa cuestionaron la reiterada postergaci\u00f3n del financiamiento destinado a las capacidades estrat\u00e9gicas de las Fuerzas Armadas, en medio de las recientes controversias relacionadas con la soberan\u00eda y las relaciones con Argentina. A trav\u00e9s de una carta publicada en El Mercurio, Francisco Vidal, Mario Desbordes, Jos\u00e9 Go\u00f1i, Jaime Ravinet, Jorge Burgos y &hellip;<\/p>\n","protected":false},"author":3,"featured_media":15788,"comment_status":"open","ping_status":"closed","sticky":false,"template":"","format":"standard","meta":{"footnotes":""},"categories":[3],"tags":[],"class_list":["post-15786","post","type-post","status-publish","format-standard","has-post-thumbnail","hentry","category-pais"],"_links":{"self":[{"href":"https:\/\/www.elregional.cl\/index.php?rest_route=\/wp\/v2\/posts\/15786","targetHints":{"allow":["GET"]}}],"collection":[{"href":"https:\/\/www.elregional.cl\/index.php?rest_route=\/wp\/v2\/posts"}],"about":[{"href":"https:\/\/www.elregional.cl\/index.php?rest_route=\/wp\/v2\/types\/post"}],"author":[{"embeddable":true,"href":"https:\/\/www.elregional.cl\/index.php?rest_route=\/wp\/v2\/users\/3"}],"replies":[{"embeddable":true,"href":"https:\/\/www.elregional.cl\/index.php?rest_route=%2Fwp%2Fv2%2Fcomments&post=15786"}],"version-history":[{"count":1,"href":"https:\/\/www.elregional.cl\/index.php?rest_route=\/wp\/v2\/posts\/15786\/revisions"}],"predecessor-version":[{"id":15787,"href":"https:\/\/www.elregional.cl\/index.php?rest_route=\/wp\/v2\/posts\/15786\/revisions\/15787"}],"wp:featuredmedia":[{"embeddable":true,"href":"https:\/\/www.elregional.cl\/index.php?rest_route=\/wp\/v2\/media\/15788"}],"wp:attachment":[{"href":"https:\/\/www.elregional.cl\/index.php?rest_route=%2Fwp%2Fv2%2Fmedia&parent=15786"}],"wp:term":[{"taxonomy":"category","embeddable":true,"href":"https:\/\/www.elregional.cl\/index.php?rest_route=%2Fwp%2Fv2%2Fcategories&post=15786"},{"taxonomy":"post_tag","embeddable":true,"href":"https:\/\/www.elregional.cl\/index.php?rest_route=%2Fwp%2Fv2%2Ftags&post=15786"}],"curies":[{"name":"wp","href":"https:\/\/api.w.org\/{rel}","templated":true}]}}