{"id":15789,"date":"2026-09-06T15:38:21","date_gmt":"2026-09-06T18:38:21","guid":{"rendered":"https:\/\/www.elregional.cl\/?p=15789"},"modified":"2026-09-06T15:38:23","modified_gmt":"2026-09-06T18:38:23","slug":"viento-normal-a-moderado-en-zonas-desde-la-region-de-arica-y-parinacota-a-la-region-de-atacama","status":"publish","type":"post","link":"https:\/\/www.elregional.cl\/?p=15789","title":{"rendered":"Viento Normal a Moderado en zonas desde la regi\u00f3n de Arica y Parinacota a la regi\u00f3n de Atacama"},"content":{"rendered":"<p>Una corriente en chorro provocar\u00e1 desde la tarde de este domingo y hasta el viernes 11 de septiembre un per\u00edodo de viento normal a moderado en sectores cordilleranos del norte de Chile.<\/p>\n<p>El aviso meteorol\u00f3gico contempla a las regiones de Arica y Parinacota, Tarapac\u00e1, Antofagasta y Atacama, con mayor intensidad en \u00e1reas cordilleranas y, en el caso de Antofagasta, tambi\u00e9n en sectores de la Cordillera de la Costa y precordillera.<\/p>\n<p>De acuerdo con la estimaci\u00f3n, los vientos podr\u00edan alcanzar entre 60 y 80 kil\u00f3metros por hora en la cordillera de Antofagasta durante todo el per\u00edodo. En Atacama, se esperan r\u00e1fagas de entre 70 y 90 km\/h durante el lunes 7 de septiembre, mientras que en Arica y Parinacota podr\u00edan llegar a 50-70 km\/h el jueves 10.<\/p>\n<p>En Tarapac\u00e1, los vientos alcanzar\u00edan entre 50 y 70 km\/h durante mi\u00e9rcoles y jueves. Antofagasta tambi\u00e9n registrar\u00eda intensidades de 60 a 80 km\/h en la Cordillera de la Costa entre martes y jueves.<\/p>\n<p>El fen\u00f3meno adem\u00e1s contempla una probabilidad de ventisca, principalmente asociada a las condiciones que se presentar\u00e1n en los sectores cordilleranos.<\/p>\n<p>La condici\u00f3n meteorol\u00f3gica se mantendr\u00e1 hasta la tarde del viernes 11 de septiembre, por lo que se recomienda especial precauci\u00f3n en zonas de monta\u00f1a y rutas expuestas a fuertes vientos.<\/p>\n","protected":false},"excerpt":{"rendered":"<p>Una corriente en chorro provocar\u00e1 desde la tarde de este domingo y hasta el viernes 11 de septiembre un per\u00edodo de viento normal a moderado en sectores cordilleranos del norte de Chile. El aviso meteorol\u00f3gico contempla a las regiones de Arica y Parinacota, Tarapac\u00e1, Antofagasta y Atacama, con mayor intensidad en \u00e1reas cordilleranas y, en &hellip;<\/p>\n","protected":false},"author":3,"featured_media":15791,"comment_status":"open","ping_status":"closed","sticky":false,"template":"","format":"standard","meta":{"footnotes":""},"categories":[16],"tags":[],"class_list":["post-15789","post","type-post","status-publish","format-standard","has-post-thumbnail","hentry","category-atacama"],"_links":{"self":[{"href":"https:\/\/www.elregional.cl\/index.php?rest_route=\/wp\/v2\/posts\/15789","targetHints":{"allow":["GET"]}}],"collection":[{"href":"https:\/\/www.elregional.cl\/index.php?rest_route=\/wp\/v2\/posts"}],"about":[{"href":"https:\/\/www.elregional.cl\/index.php?rest_route=\/wp\/v2\/types\/post"}],"author":[{"embeddable":true,"href":"https:\/\/www.elregional.cl\/index.php?rest_route=\/wp\/v2\/users\/3"}],"replies":[{"embeddable":true,"href":"https:\/\/www.elregional.cl\/index.php?rest_route=%2Fwp%2Fv2%2Fcomments&post=15789"}],"version-history":[{"count":1,"href":"https:\/\/www.elregional.cl\/index.php?rest_route=\/wp\/v2\/posts\/15789\/revisions"}],"predecessor-version":[{"id":15790,"href":"https:\/\/www.elregional.cl\/index.php?rest_route=\/wp\/v2\/posts\/15789\/revisions\/15790"}],"wp:featuredmedia":[{"embeddable":true,"href":"https:\/\/www.elregional.cl\/index.php?rest_route=\/wp\/v2\/media\/15791"}],"wp:attachment":[{"href":"https:\/\/www.elregional.cl\/index.php?rest_route=%2Fwp%2Fv2%2Fmedia&parent=15789"}],"wp:term":[{"taxonomy":"category","embeddable":true,"href":"https:\/\/www.elregional.cl\/index.php?rest_route=%2Fwp%2Fv2%2Fcategories&post=15789"},{"taxonomy":"post_tag","embeddable":true,"href":"https:\/\/www.elregional.cl\/index.php?rest_route=%2Fwp%2Fv2%2Ftags&post=15789"}],"curies":[{"name":"wp","href":"https:\/\/api.w.org\/{rel}","templated":true}]}}