{"id":15795,"date":"2026-09-06T16:52:47","date_gmt":"2026-09-06T19:52:47","guid":{"rendered":"https:\/\/www.elregional.cl\/?p=15795"},"modified":"2026-09-06T16:52:48","modified_gmt":"2026-09-06T19:52:48","slug":"encuesta-criteria-aprobacion-de-kast-cae-al-30-y-mayoria-cree-que-chile-esta-retrocediendo","status":"publish","type":"post","link":"https:\/\/www.elregional.cl\/?p=15795","title":{"rendered":"Encuesta Criteria: aprobaci\u00f3n de Kast cae al 30% y mayor\u00eda cree que Chile est\u00e1 retrocediendo"},"content":{"rendered":"<p>La aprobaci\u00f3n del Presidente Jos\u00e9 Antonio Kast volvi\u00f3 a caer, seg\u00fan la \u00faltima edici\u00f3n de la Encuesta Criteria, llegando al 30%, tres puntos menos que en la medici\u00f3n anterior. En paralelo, la desaprobaci\u00f3n aument\u00f3 hasta el 58%, marcando su nivel m\u00e1s alto desde el inicio de su mandato.<\/p>\n<p>El sondeo tambi\u00e9n refleja una evaluaci\u00f3n negativa de la situaci\u00f3n econ\u00f3mica del pa\u00eds. Un 51% de los encuestados la califica como mala, mientras que apenas un 3% considera que es buena.<\/p>\n<p>En cuanto al rumbo del pa\u00eds, un 52% estima que Chile est\u00e1 retrocediendo bajo la actual administraci\u00f3n. En tanto, un 36% cree que se mantiene igual y solo un 12% considera que el pa\u00eds est\u00e1 avanzando.<\/p>\n<p>La encuesta tambi\u00e9n consult\u00f3 sobre las responsabilidades frente a los problemas de seguridad, econom\u00eda y empleo. Un 38% atribuye estas dificultades al actual Gobierno, mientras que un 32% considera que corresponden a problemas heredados de la administraci\u00f3n del expresidente Gabriel Boric.<\/p>\n<p>Otro 26% estima que tanto el actual Gobierno como la administraci\u00f3n anterior comparten responsabilidad por estas dificultades.<\/p>\n<p>La nueva medici\u00f3n de Criteria fue realizada entre el 3 y el 4 de septiembre y confirma el deterioro en la evaluaci\u00f3n ciudadana del Gobierno de Kast durante los \u00faltimos meses<\/p>\n","protected":false},"excerpt":{"rendered":"<p>La aprobaci\u00f3n del Presidente Jos\u00e9 Antonio Kast volvi\u00f3 a caer, seg\u00fan la \u00faltima edici\u00f3n de la Encuesta Criteria, llegando al 30%, tres puntos menos que en la medici\u00f3n anterior. En paralelo, la desaprobaci\u00f3n aument\u00f3 hasta el 58%, marcando su nivel m\u00e1s alto desde el inicio de su mandato. El sondeo tambi\u00e9n refleja una evaluaci\u00f3n negativa &hellip;<\/p>\n","protected":false},"author":3,"featured_media":15797,"comment_status":"open","ping_status":"closed","sticky":false,"template":"","format":"standard","meta":{"footnotes":""},"categories":[3],"tags":[],"class_list":["post-15795","post","type-post","status-publish","format-standard","has-post-thumbnail","hentry","category-pais"],"_links":{"self":[{"href":"https:\/\/www.elregional.cl\/index.php?rest_route=\/wp\/v2\/posts\/15795","targetHints":{"allow":["GET"]}}],"collection":[{"href":"https:\/\/www.elregional.cl\/index.php?rest_route=\/wp\/v2\/posts"}],"about":[{"href":"https:\/\/www.elregional.cl\/index.php?rest_route=\/wp\/v2\/types\/post"}],"author":[{"embeddable":true,"href":"https:\/\/www.elregional.cl\/index.php?rest_route=\/wp\/v2\/users\/3"}],"replies":[{"embeddable":true,"href":"https:\/\/www.elregional.cl\/index.php?rest_route=%2Fwp%2Fv2%2Fcomments&post=15795"}],"version-history":[{"count":1,"href":"https:\/\/www.elregional.cl\/index.php?rest_route=\/wp\/v2\/posts\/15795\/revisions"}],"predecessor-version":[{"id":15796,"href":"https:\/\/www.elregional.cl\/index.php?rest_route=\/wp\/v2\/posts\/15795\/revisions\/15796"}],"wp:featuredmedia":[{"embeddable":true,"href":"https:\/\/www.elregional.cl\/index.php?rest_route=\/wp\/v2\/media\/15797"}],"wp:attachment":[{"href":"https:\/\/www.elregional.cl\/index.php?rest_route=%2Fwp%2Fv2%2Fmedia&parent=15795"}],"wp:term":[{"taxonomy":"category","embeddable":true,"href":"https:\/\/www.elregional.cl\/index.php?rest_route=%2Fwp%2Fv2%2Fcategories&post=15795"},{"taxonomy":"post_tag","embeddable":true,"href":"https:\/\/www.elregional.cl\/index.php?rest_route=%2Fwp%2Fv2%2Ftags&post=15795"}],"curies":[{"name":"wp","href":"https:\/\/api.w.org\/{rel}","templated":true}]}}