{"id":1638,"date":"2024-10-08T07:09:17","date_gmt":"2024-10-08T07:09:17","guid":{"rendered":"https:\/\/www.elregional.cl\/?p=1638"},"modified":"2024-10-08T07:09:17","modified_gmt":"2024-10-08T07:09:17","slug":"illapel-y-monte-patria-brillan-en-el-44-encuentro-regional-de-cueca-escolar-2024","status":"publish","type":"post","link":"https:\/\/www.elregional.cl\/?p=1638","title":{"rendered":"Illapel y Monte Patria brillan en el 44\u00b0 encuentro regional de Cueca Escolar 2024."},"content":{"rendered":"<div>Con una jornada cargada de emoci\u00f3n y orgullo, el Cuadrag\u00e9simo Cuarto Encuentro Regional de Cueca Escolar se celebr\u00f3 este mi\u00e9rcoles 2 de octubre en el Gimnasio Polideportivo de Illapel, donde j\u00f3venes de diversas comunas de la Regi\u00f3n de Coquimbo mostraron su talento en la danza nacional.<\/div>\n<div>El evento, organizado por la Secretar\u00eda Regional Ministerial de Educaci\u00f3n y la Ilustre Municipalidad de Illapel, tuvo como objetivo fomentar el conocimiento y la pr\u00e1ctica de la cueca en las comunidades educativas. Adem\u00e1s de resaltar la importancia de esta danza como s\u00edmbolo de identidad chilena, el encuentro promovi\u00f3 los valores culturales y la inclusi\u00f3n de estudiantes en una jornada de sana competencia.<\/div>\n<div>Erick Zelada, jefe del departamento provincial de Educaci\u00f3n de Choapa, destac\u00f3 el impacto de esta actividad: \u201cEste encuentro no solo refuerza nuestra identidad cultural, sino que tambi\u00e9n crea un espacio de sana convivencia y autocuidado, promoviendo la salud f\u00edsica y mental de nuestros estudiantes. La cueca fomenta h\u00e1bitos saludables y la psicomotricidad entre los alumnos\u00bb, expres\u00f3.<\/div>\n","protected":false},"excerpt":{"rendered":"<p>Con una jornada cargada de emoci\u00f3n y orgullo, el Cuadrag\u00e9simo Cuarto Encuentro Regional de Cueca Escolar se celebr\u00f3 este mi\u00e9rcoles 2 de octubre en el Gimnasio Polideportivo de Illapel, donde j\u00f3venes de diversas comunas de la Regi\u00f3n de Coquimbo mostraron su talento en la danza nacional. El evento, organizado por la Secretar\u00eda Regional Ministerial de &hellip;<\/p>\n","protected":false},"author":2,"featured_media":0,"comment_status":"closed","ping_status":"closed","sticky":false,"template":"","format":"standard","meta":{"footnotes":""},"categories":[2],"tags":[],"class_list":["post-1638","post","type-post","status-publish","format-standard","hentry","category-regionales"],"_links":{"self":[{"href":"https:\/\/www.elregional.cl\/index.php?rest_route=\/wp\/v2\/posts\/1638","targetHints":{"allow":["GET"]}}],"collection":[{"href":"https:\/\/www.elregional.cl\/index.php?rest_route=\/wp\/v2\/posts"}],"about":[{"href":"https:\/\/www.elregional.cl\/index.php?rest_route=\/wp\/v2\/types\/post"}],"author":[{"embeddable":true,"href":"https:\/\/www.elregional.cl\/index.php?rest_route=\/wp\/v2\/users\/2"}],"replies":[{"embeddable":true,"href":"https:\/\/www.elregional.cl\/index.php?rest_route=%2Fwp%2Fv2%2Fcomments&post=1638"}],"version-history":[{"count":1,"href":"https:\/\/www.elregional.cl\/index.php?rest_route=\/wp\/v2\/posts\/1638\/revisions"}],"predecessor-version":[{"id":1640,"href":"https:\/\/www.elregional.cl\/index.php?rest_route=\/wp\/v2\/posts\/1638\/revisions\/1640"}],"wp:attachment":[{"href":"https:\/\/www.elregional.cl\/index.php?rest_route=%2Fwp%2Fv2%2Fmedia&parent=1638"}],"wp:term":[{"taxonomy":"category","embeddable":true,"href":"https:\/\/www.elregional.cl\/index.php?rest_route=%2Fwp%2Fv2%2Fcategories&post=1638"},{"taxonomy":"post_tag","embeddable":true,"href":"https:\/\/www.elregional.cl\/index.php?rest_route=%2Fwp%2Fv2%2Ftags&post=1638"}],"curies":[{"name":"wp","href":"https:\/\/api.w.org\/{rel}","templated":true}]}}