{"id":1680,"date":"2024-10-09T07:46:45","date_gmt":"2024-10-09T07:46:45","guid":{"rendered":"https:\/\/www.elregional.cl\/?p=1680"},"modified":"2024-10-09T07:46:45","modified_gmt":"2024-10-09T07:46:45","slug":"cotraporchi-y-sindicatos-portuarios-promueven-la-seguridad-en-el-puerto-de-coquimbo","status":"publish","type":"post","link":"https:\/\/www.elregional.cl\/?p=1680","title":{"rendered":"COTRAPORCHI y Sindicatos Portuarios promueven la Seguridad en el Puerto de Coquimbo."},"content":{"rendered":"<p>La Confederaci\u00f3n de Trabajadores Portuarios de Chile (COTRAPORCHI), junto a los sindicatos del puerto de Coquimbo y con el respaldo de las empresas Ultraport y Terminal Puerto Coquimbo (TPC), organizaron un seminario de seguridad portuaria.<\/p>\n<p>&nbsp;<\/p>\n<p>La actividad que congreg\u00f3 a diversos actores de la industria mar\u00edtima, cont\u00f3 con la presencia del Seremi del Trabajo de la regi\u00f3n de Coquimbo, Francisco Brizuela, quien destac\u00f3 la importancia de este tipo de encuentros.<\/p>\n<p>&nbsp;<\/p>\n<p><em>\u201cDestacamos la iniciativa de Cotraporchi y de los sindicatos asociados en Coquimbo de abordar y poner en el centro la seguridad y salud de los trabajadores y trabajadoras en los espacios laborales. En este sentido cobra relevancia el c\u00f3mo se abord\u00f3 la implementaci\u00f3n de la Ley Karin que tiene por objetivo la prevenci\u00f3n, investigaci\u00f3n y sanci\u00f3n del acoso laboral, sexual o de violencia en el trabajo; y entendiendo que es un paso m\u00e1s para avanzar hacia el trabajo decente con espacios de trabajo seguros con una perspectiva de g\u00e9nero donde es importante destacar la inclusi\u00f3n de m\u00e1s mujeres en sectores hist\u00f3ricamente masculinizados\u201d.<\/em> Se\u00f1al\u00f3 el Seremi del Trabajo.<\/p>\n<p>&nbsp;<\/p>\n<p>La jornada incluy\u00f3 una serie de exposiciones centradas en diversos aspectos de la seguridad en el puerto. Macarena Lemus, subgerente comercial de TPC, expus\u00f3 sobre el desarrollo de TPC, poniendo especial \u00e9nfasis en la seguridad como factor clave en el funcionamiento del puerto, mientras que Pablo Bugue\u00f1o, gerente de Ultraport Coquimbo, se refiri\u00f3 al enfoque de su empresa en la seguridad como un pilar esencial en sus operaciones diarias.<\/p>\n","protected":false},"excerpt":{"rendered":"<p>La Confederaci\u00f3n de Trabajadores Portuarios de Chile (COTRAPORCHI), junto a los sindicatos del puerto de Coquimbo y con el respaldo de las empresas Ultraport y Terminal Puerto Coquimbo (TPC), organizaron un seminario de seguridad portuaria. &nbsp; La actividad que congreg\u00f3 a diversos actores de la industria mar\u00edtima, cont\u00f3 con la presencia del Seremi del Trabajo &hellip;<\/p>\n","protected":false},"author":2,"featured_media":0,"comment_status":"closed","ping_status":"closed","sticky":false,"template":"","format":"standard","meta":{"footnotes":""},"categories":[13],"tags":[],"class_list":["post-1680","post","type-post","status-publish","format-standard","hentry","category-coquimbo"],"_links":{"self":[{"href":"https:\/\/www.elregional.cl\/index.php?rest_route=\/wp\/v2\/posts\/1680","targetHints":{"allow":["GET"]}}],"collection":[{"href":"https:\/\/www.elregional.cl\/index.php?rest_route=\/wp\/v2\/posts"}],"about":[{"href":"https:\/\/www.elregional.cl\/index.php?rest_route=\/wp\/v2\/types\/post"}],"author":[{"embeddable":true,"href":"https:\/\/www.elregional.cl\/index.php?rest_route=\/wp\/v2\/users\/2"}],"replies":[{"embeddable":true,"href":"https:\/\/www.elregional.cl\/index.php?rest_route=%2Fwp%2Fv2%2Fcomments&post=1680"}],"version-history":[{"count":1,"href":"https:\/\/www.elregional.cl\/index.php?rest_route=\/wp\/v2\/posts\/1680\/revisions"}],"predecessor-version":[{"id":1682,"href":"https:\/\/www.elregional.cl\/index.php?rest_route=\/wp\/v2\/posts\/1680\/revisions\/1682"}],"wp:attachment":[{"href":"https:\/\/www.elregional.cl\/index.php?rest_route=%2Fwp%2Fv2%2Fmedia&parent=1680"}],"wp:term":[{"taxonomy":"category","embeddable":true,"href":"https:\/\/www.elregional.cl\/index.php?rest_route=%2Fwp%2Fv2%2Fcategories&post=1680"},{"taxonomy":"post_tag","embeddable":true,"href":"https:\/\/www.elregional.cl\/index.php?rest_route=%2Fwp%2Fv2%2Ftags&post=1680"}],"curies":[{"name":"wp","href":"https:\/\/api.w.org\/{rel}","templated":true}]}}